{"id":3322,"date":"2021-05-11T09:51:39","date_gmt":"2021-05-11T09:51:39","guid":{"rendered":"http:\/\/sunontop.com\/2022\/11\/30\/revamping-instalacion-fotovoltaica-en-cubierta-industrial\/"},"modified":"2023-03-23T20:51:47","modified_gmt":"2023-03-23T20:51:47","slug":"renovacio-de-la-instal%c2%b7lacio-fotovoltaica-en-coberta-industrial","status":"publish","type":"post","link":"https:\/\/sunontop.com\/ca\/2021\/05\/11\/renovacio-de-la-instal%c2%b7lacio-fotovoltaica-en-coberta-industrial\/","title":{"rendered":"Revamping instal\u00b7laci\u00f3 fotovoltaica a coberta industrial"},"content":{"rendered":"<div class=\"fusion-text fusion-text-1\">\n<p>El passat 2021 vam fer un projecte de revamping d&#8217;una instal\u00b7laci\u00f3 fotovoltaica a la coberta d&#8217;una nau industrial a Granollers, Espanya. La instal\u00b7laci\u00f3 fotovoltaica tenia una capacitat de 50 Kwh i va ser actualitzada i millorada per tal d&#8217;optimitzar-ne el rendiment i l&#8217;efici\u00e8ncia energ\u00e8tica.<\/p>\n<p>&nbsp;<\/p>\n<p>El client va ser <strong>Promocions Immobili\u00e0ries Estap\u00e9<\/strong>, una empresa immobili\u00e0ria amb seu a Espanya. El projecte va consistir en la renovaci\u00f3 de la instal\u00b7laci\u00f3 existent, per a aix\u00f2 es van realitzar millores i actualitzacions en els components principals, incloent els panells solars, els inversors i altres equips.<\/p>\n<p>&nbsp;<\/p>\n<p>La finalitat del revamping va ser millorar el rendiment i lefici\u00e8ncia de la instal\u00b7laci\u00f3, amb l&#8217;objectiu de maximitzar la producci\u00f3 d&#8217;energia solar i reduir el consum d&#8217;energia el\u00e8ctrica de la nau industrial. D&#8217;aquesta manera, es va aconseguir reduir significativament els costos d&#8217;energia del client i contribuir a sostenir el medi ambient.<\/p>\n<p>&nbsp;<\/p>\n<p>En resum, es va tractar d&#8217;un projecte de revamping on es va millorar i optimitzar una instal\u00b7laci\u00f3 fotovoltaica de 50 Kwh en una nau industrial amb l&#8217;objectiu de maximitzar la producci\u00f3 d&#8217;energia i reduir el consum d&#8217;energia el\u00e8ctrica.<\/p>\n<\/div>\n<p>&nbsp;<\/p>\n<p><strong>#paciglobal #pacienginyers #padilla308 #projectes #proyectos #Granollers #installaciofotovoltaica #instalacionfotovoltaica #autoconsum #autoconsumo #eficienciaenergetica #energyefficiency #clients #clientes #alteuservei #atuservicio #contactans #contactanos<\/strong><\/p>\n","protected":false},"excerpt":{"rendered":"<p>El passat 2021 vam fer un projecte de revamping d&#8217;una instal\u00b7laci\u00f3 fotovoltaica a la coberta d&#8217;una nau industrial a Granollers, Espanya. La instal\u00b7laci\u00f3 fotovoltaica tenia una capacitat de 50 Kwh i va ser actualitzada i millorada per tal d&#8217;optimitzar-ne el rendiment i l&#8217;efici\u00e8ncia energ\u00e8tica. &nbsp; El client va ser Promocions Immobili\u00e0ries Estap\u00e9, una empresa immobili\u00e0ria&hellip;<\/p>\n","protected":false},"author":1,"featured_media":3270,"comment_status":"open","ping_status":"open","sticky":false,"template":"","format":"standard","meta":{"footnotes":""},"categories":[56,54],"tags":[50,51],"class_list":["post-3322","post","type-post","status-publish","format-standard","has-post-thumbnail","hentry","category-direccio-dobres","category-projectes","tag-installacio-fotovoltaica","tag-revamping-ca","category-56","category-54","description-off"],"yoast_head":"<!-- This site is optimized with the Yoast SEO plugin v27.1.1 - https:\/\/yoast.com\/product\/yoast-seo-wordpress\/ -->\n<title>Revamping instal\u00b7laci\u00f3 fotovoltaica a coberta industrial - SunOnTop<\/title>\n<meta name=\"robots\" content=\"index, follow, max-snippet:-1, max-image-preview:large, max-video-preview:-1\" \/>\n<link rel=\"canonical\" href=\"https:\/\/sunontop.com\/ca\/2021\/05\/11\/renovacio-de-la-instal\u00b7lacio-fotovoltaica-en-coberta-industrial\/\" \/>\n<meta property=\"og:locale\" content=\"ca_ES\" \/>\n<meta property=\"og:type\" content=\"article\" \/>\n<meta property=\"og:title\" content=\"Revamping instal\u00b7laci\u00f3 fotovoltaica a coberta industrial - SunOnTop\" \/>\n<meta property=\"og:description\" content=\"El passat 2021 vam fer un projecte de revamping d&#8217;una instal\u00b7laci\u00f3 fotovoltaica a la coberta d&#8217;una nau industrial a Granollers, Espanya. La instal\u00b7laci\u00f3 fotovoltaica tenia una capacitat de 50 Kwh i va ser actualitzada i millorada per tal d&#8217;optimitzar-ne el rendiment i l&#8217;efici\u00e8ncia energ\u00e8tica. &nbsp; El client va ser Promocions Immobili\u00e0ries Estap\u00e9, una empresa immobili\u00e0ria&hellip;\" \/>\n<meta property=\"og:url\" content=\"https:\/\/sunontop.com\/ca\/2021\/05\/11\/renovacio-de-la-instal\u00b7lacio-fotovoltaica-en-coberta-industrial\/\" \/>\n<meta property=\"og:site_name\" content=\"SunOnTop\" \/>\n<meta property=\"article:publisher\" content=\"https:\/\/www.facebook.com\/paciglobal\" \/>\n<meta property=\"article:published_time\" content=\"2021-05-11T09:51:39+00:00\" \/>\n<meta property=\"article:modified_time\" content=\"2023-03-23T20:51:47+00:00\" \/>\n<meta property=\"og:image\" content=\"https:\/\/sunontop.com\/wp-content\/uploads\/2022\/11\/image001.jpg\" \/>\n\t<meta property=\"og:image:width\" content=\"671\" \/>\n\t<meta property=\"og:image:height\" content=\"503\" \/>\n\t<meta property=\"og:image:type\" content=\"image\/jpeg\" \/>\n<meta name=\"author\" content=\"SunOnTop\" \/>\n<meta name=\"twitter:card\" content=\"summary_large_image\" \/>\n<meta name=\"twitter:creator\" content=\"@PaciGlobal\" \/>\n<meta name=\"twitter:site\" content=\"@PaciGlobal\" \/>\n<meta name=\"twitter:label1\" content=\"Escrit per\" \/>\n\t<meta name=\"twitter:data1\" content=\"SunOnTop\" \/>\n\t<meta name=\"twitter:label2\" content=\"Temps estimat de lectura\" \/>\n\t<meta name=\"twitter:data2\" content=\"1 minut\" \/>\n<script type=\"application\/ld+json\" class=\"yoast-schema-graph\">{\"@context\":\"https:\/\/schema.org\",\"@graph\":[{\"@type\":\"Article\",\"@id\":\"https:\/\/sunontop.com\/ca\/2021\/05\/11\/renovacio-de-la-instal%c2%b7lacio-fotovoltaica-en-coberta-industrial\/#article\",\"isPartOf\":{\"@id\":\"https:\/\/sunontop.com\/ca\/2021\/05\/11\/renovacio-de-la-instal%c2%b7lacio-fotovoltaica-en-coberta-industrial\/\"},\"author\":{\"name\":\"SunOnTop\",\"@id\":\"https:\/\/sunontop.com\/#\/schema\/person\/cac73ac97f7967079821b0f37f4d7cba\"},\"headline\":\"Revamping instal\u00b7laci\u00f3 fotovoltaica a coberta industrial\",\"datePublished\":\"2021-05-11T09:51:39+00:00\",\"dateModified\":\"2023-03-23T20:51:47+00:00\",\"mainEntityOfPage\":{\"@id\":\"https:\/\/sunontop.com\/ca\/2021\/05\/11\/renovacio-de-la-instal%c2%b7lacio-fotovoltaica-en-coberta-industrial\/\"},\"wordCount\":231,\"commentCount\":0,\"publisher\":{\"@id\":\"https:\/\/sunontop.com\/#organization\"},\"image\":{\"@id\":\"https:\/\/sunontop.com\/ca\/2021\/05\/11\/renovacio-de-la-instal%c2%b7lacio-fotovoltaica-en-coberta-industrial\/#primaryimage\"},\"thumbnailUrl\":\"https:\/\/sunontop.com\/wp-content\/uploads\/2022\/11\/image001.jpg\",\"keywords\":[\"instal\u00b7laci\u00f3 fotovoltaica\",\"Revamping\"],\"articleSection\":[\"Direcci\u00f3 d'obres\",\"Projectes\"],\"inLanguage\":\"ca\",\"potentialAction\":[{\"@type\":\"CommentAction\",\"name\":\"Comment\",\"target\":[\"https:\/\/sunontop.com\/ca\/2021\/05\/11\/renovacio-de-la-instal%c2%b7lacio-fotovoltaica-en-coberta-industrial\/#respond\"]}]},{\"@type\":\"WebPage\",\"@id\":\"https:\/\/sunontop.com\/ca\/2021\/05\/11\/renovacio-de-la-instal%c2%b7lacio-fotovoltaica-en-coberta-industrial\/\",\"url\":\"https:\/\/sunontop.com\/ca\/2021\/05\/11\/renovacio-de-la-instal%c2%b7lacio-fotovoltaica-en-coberta-industrial\/\",\"name\":\"Revamping instal\u00b7laci\u00f3 fotovoltaica a coberta industrial - SunOnTop\",\"isPartOf\":{\"@id\":\"https:\/\/sunontop.com\/#website\"},\"primaryImageOfPage\":{\"@id\":\"https:\/\/sunontop.com\/ca\/2021\/05\/11\/renovacio-de-la-instal%c2%b7lacio-fotovoltaica-en-coberta-industrial\/#primaryimage\"},\"image\":{\"@id\":\"https:\/\/sunontop.com\/ca\/2021\/05\/11\/renovacio-de-la-instal%c2%b7lacio-fotovoltaica-en-coberta-industrial\/#primaryimage\"},\"thumbnailUrl\":\"https:\/\/sunontop.com\/wp-content\/uploads\/2022\/11\/image001.jpg\",\"datePublished\":\"2021-05-11T09:51:39+00:00\",\"dateModified\":\"2023-03-23T20:51:47+00:00\",\"breadcrumb\":{\"@id\":\"https:\/\/sunontop.com\/ca\/2021\/05\/11\/renovacio-de-la-instal%c2%b7lacio-fotovoltaica-en-coberta-industrial\/#breadcrumb\"},\"inLanguage\":\"ca\",\"potentialAction\":[{\"@type\":\"ReadAction\",\"target\":[\"https:\/\/sunontop.com\/ca\/2021\/05\/11\/renovacio-de-la-instal%c2%b7lacio-fotovoltaica-en-coberta-industrial\/\"]}]},{\"@type\":\"ImageObject\",\"inLanguage\":\"ca\",\"@id\":\"https:\/\/sunontop.com\/ca\/2021\/05\/11\/renovacio-de-la-instal%c2%b7lacio-fotovoltaica-en-coberta-industrial\/#primaryimage\",\"url\":\"https:\/\/sunontop.com\/wp-content\/uploads\/2022\/11\/image001.jpg\",\"contentUrl\":\"https:\/\/sunontop.com\/wp-content\/uploads\/2022\/11\/image001.jpg\",\"width\":671,\"height\":503},{\"@type\":\"BreadcrumbList\",\"@id\":\"https:\/\/sunontop.com\/ca\/2021\/05\/11\/renovacio-de-la-instal%c2%b7lacio-fotovoltaica-en-coberta-industrial\/#breadcrumb\",\"itemListElement\":[{\"@type\":\"ListItem\",\"position\":1,\"name\":\"Portada\",\"item\":\"https:\/\/sunontop.com\/ca\/\"},{\"@type\":\"ListItem\",\"position\":2,\"name\":\"Revamping instal\u00b7laci\u00f3 fotovoltaica a coberta industrial\"}]},{\"@type\":\"WebSite\",\"@id\":\"https:\/\/sunontop.com\/#website\",\"url\":\"https:\/\/sunontop.com\/\",\"name\":\"SunOnTop - Energ\u00eda solar fotovoltaica - Cargador veh\u00edculo el\u00e9ctrico\",\"description\":\"Dise\u00f1o e instalaci\u00f3n de plantas solares fotovoltaicas. Cargadores de veh\u00edculos el\u00e9ctricos\",\"publisher\":{\"@id\":\"https:\/\/sunontop.com\/#organization\"},\"alternateName\":\"SunOnTop\",\"potentialAction\":[{\"@type\":\"SearchAction\",\"target\":{\"@type\":\"EntryPoint\",\"urlTemplate\":\"https:\/\/sunontop.com\/?s={search_term_string}\"},\"query-input\":{\"@type\":\"PropertyValueSpecification\",\"valueRequired\":true,\"valueName\":\"search_term_string\"}}],\"inLanguage\":\"ca\"},{\"@type\":\"Organization\",\"@id\":\"https:\/\/sunontop.com\/#organization\",\"name\":\"SunOnTop - Energ\u00eda solar fotovoltaica - Cargador veh\u00edculo el\u00e9ctrico\",\"alternateName\":\"SunOnTop\",\"url\":\"https:\/\/sunontop.com\/\",\"logo\":{\"@type\":\"ImageObject\",\"inLanguage\":\"ca\",\"@id\":\"https:\/\/sunontop.com\/#\/schema\/logo\/image\/\",\"url\":\"https:\/\/sunontop.com\/wp-content\/uploads\/2022\/11\/logo.png\",\"contentUrl\":\"https:\/\/sunontop.com\/wp-content\/uploads\/2022\/11\/logo.png\",\"width\":175,\"height\":82,\"caption\":\"SunOnTop - Energ\u00eda solar fotovoltaica - Cargador veh\u00edculo el\u00e9ctrico\"},\"image\":{\"@id\":\"https:\/\/sunontop.com\/#\/schema\/logo\/image\/\"},\"sameAs\":[\"https:\/\/www.facebook.com\/paciglobal\",\"https:\/\/x.com\/PaciGlobal\",\"https:\/\/www.instagram.com\/paciglobal\/\",\"https:\/\/www.youtube.com\/user\/pacienginyers\",\"https:\/\/www.linkedin.com\/company\/paci-global\/\"]},{\"@type\":\"Person\",\"@id\":\"https:\/\/sunontop.com\/#\/schema\/person\/cac73ac97f7967079821b0f37f4d7cba\",\"name\":\"SunOnTop\",\"image\":{\"@type\":\"ImageObject\",\"inLanguage\":\"ca\",\"@id\":\"https:\/\/sunontop.com\/#\/schema\/person\/image\/\",\"url\":\"https:\/\/secure.gravatar.com\/avatar\/055a7cd1bd0a7c6f33838fad7eb807abe724e19d6b64854d099c8981352c5da4?s=96&d=mm&r=g\",\"contentUrl\":\"https:\/\/secure.gravatar.com\/avatar\/055a7cd1bd0a7c6f33838fad7eb807abe724e19d6b64854d099c8981352c5da4?s=96&d=mm&r=g\",\"caption\":\"SunOnTop\"},\"sameAs\":[\"http:\/\/sunontop.com\"],\"url\":\"https:\/\/sunontop.com\/ca\/author\/sunontop\/\"}]}<\/script>\n<!-- \/ Yoast SEO plugin. -->","yoast_head_json":{"title":"Revamping instal\u00b7laci\u00f3 fotovoltaica a coberta industrial - SunOnTop","robots":{"index":"index","follow":"follow","max-snippet":"max-snippet:-1","max-image-preview":"max-image-preview:large","max-video-preview":"max-video-preview:-1"},"canonical":"https:\/\/sunontop.com\/ca\/2021\/05\/11\/renovacio-de-la-instal\u00b7lacio-fotovoltaica-en-coberta-industrial\/","og_locale":"ca_ES","og_type":"article","og_title":"Revamping instal\u00b7laci\u00f3 fotovoltaica a coberta industrial - SunOnTop","og_description":"El passat 2021 vam fer un projecte de revamping d&#8217;una instal\u00b7laci\u00f3 fotovoltaica a la coberta d&#8217;una nau industrial a Granollers, Espanya. La instal\u00b7laci\u00f3 fotovoltaica tenia una capacitat de 50 Kwh i va ser actualitzada i millorada per tal d&#8217;optimitzar-ne el rendiment i l&#8217;efici\u00e8ncia energ\u00e8tica. &nbsp; El client va ser Promocions Immobili\u00e0ries Estap\u00e9, una empresa immobili\u00e0ria&hellip;","og_url":"https:\/\/sunontop.com\/ca\/2021\/05\/11\/renovacio-de-la-instal\u00b7lacio-fotovoltaica-en-coberta-industrial\/","og_site_name":"SunOnTop","article_publisher":"https:\/\/www.facebook.com\/paciglobal","article_published_time":"2021-05-11T09:51:39+00:00","article_modified_time":"2023-03-23T20:51:47+00:00","og_image":[{"width":671,"height":503,"url":"https:\/\/sunontop.com\/wp-content\/uploads\/2022\/11\/image001.jpg","type":"image\/jpeg"}],"author":"SunOnTop","twitter_card":"summary_large_image","twitter_creator":"@PaciGlobal","twitter_site":"@PaciGlobal","twitter_misc":{"Escrit per":"SunOnTop","Temps estimat de lectura":"1 minut"},"schema":{"@context":"https:\/\/schema.org","@graph":[{"@type":"Article","@id":"https:\/\/sunontop.com\/ca\/2021\/05\/11\/renovacio-de-la-instal%c2%b7lacio-fotovoltaica-en-coberta-industrial\/#article","isPartOf":{"@id":"https:\/\/sunontop.com\/ca\/2021\/05\/11\/renovacio-de-la-instal%c2%b7lacio-fotovoltaica-en-coberta-industrial\/"},"author":{"name":"SunOnTop","@id":"https:\/\/sunontop.com\/#\/schema\/person\/cac73ac97f7967079821b0f37f4d7cba"},"headline":"Revamping instal\u00b7laci\u00f3 fotovoltaica a coberta industrial","datePublished":"2021-05-11T09:51:39+00:00","dateModified":"2023-03-23T20:51:47+00:00","mainEntityOfPage":{"@id":"https:\/\/sunontop.com\/ca\/2021\/05\/11\/renovacio-de-la-instal%c2%b7lacio-fotovoltaica-en-coberta-industrial\/"},"wordCount":231,"commentCount":0,"publisher":{"@id":"https:\/\/sunontop.com\/#organization"},"image":{"@id":"https:\/\/sunontop.com\/ca\/2021\/05\/11\/renovacio-de-la-instal%c2%b7lacio-fotovoltaica-en-coberta-industrial\/#primaryimage"},"thumbnailUrl":"https:\/\/sunontop.com\/wp-content\/uploads\/2022\/11\/image001.jpg","keywords":["instal\u00b7laci\u00f3 fotovoltaica","Revamping"],"articleSection":["Direcci\u00f3 d'obres","Projectes"],"inLanguage":"ca","potentialAction":[{"@type":"CommentAction","name":"Comment","target":["https:\/\/sunontop.com\/ca\/2021\/05\/11\/renovacio-de-la-instal%c2%b7lacio-fotovoltaica-en-coberta-industrial\/#respond"]}]},{"@type":"WebPage","@id":"https:\/\/sunontop.com\/ca\/2021\/05\/11\/renovacio-de-la-instal%c2%b7lacio-fotovoltaica-en-coberta-industrial\/","url":"https:\/\/sunontop.com\/ca\/2021\/05\/11\/renovacio-de-la-instal%c2%b7lacio-fotovoltaica-en-coberta-industrial\/","name":"Revamping instal\u00b7laci\u00f3 fotovoltaica a coberta industrial - SunOnTop","isPartOf":{"@id":"https:\/\/sunontop.com\/#website"},"primaryImageOfPage":{"@id":"https:\/\/sunontop.com\/ca\/2021\/05\/11\/renovacio-de-la-instal%c2%b7lacio-fotovoltaica-en-coberta-industrial\/#primaryimage"},"image":{"@id":"https:\/\/sunontop.com\/ca\/2021\/05\/11\/renovacio-de-la-instal%c2%b7lacio-fotovoltaica-en-coberta-industrial\/#primaryimage"},"thumbnailUrl":"https:\/\/sunontop.com\/wp-content\/uploads\/2022\/11\/image001.jpg","datePublished":"2021-05-11T09:51:39+00:00","dateModified":"2023-03-23T20:51:47+00:00","breadcrumb":{"@id":"https:\/\/sunontop.com\/ca\/2021\/05\/11\/renovacio-de-la-instal%c2%b7lacio-fotovoltaica-en-coberta-industrial\/#breadcrumb"},"inLanguage":"ca","potentialAction":[{"@type":"ReadAction","target":["https:\/\/sunontop.com\/ca\/2021\/05\/11\/renovacio-de-la-instal%c2%b7lacio-fotovoltaica-en-coberta-industrial\/"]}]},{"@type":"ImageObject","inLanguage":"ca","@id":"https:\/\/sunontop.com\/ca\/2021\/05\/11\/renovacio-de-la-instal%c2%b7lacio-fotovoltaica-en-coberta-industrial\/#primaryimage","url":"https:\/\/sunontop.com\/wp-content\/uploads\/2022\/11\/image001.jpg","contentUrl":"https:\/\/sunontop.com\/wp-content\/uploads\/2022\/11\/image001.jpg","width":671,"height":503},{"@type":"BreadcrumbList","@id":"https:\/\/sunontop.com\/ca\/2021\/05\/11\/renovacio-de-la-instal%c2%b7lacio-fotovoltaica-en-coberta-industrial\/#breadcrumb","itemListElement":[{"@type":"ListItem","position":1,"name":"Portada","item":"https:\/\/sunontop.com\/ca\/"},{"@type":"ListItem","position":2,"name":"Revamping instal\u00b7laci\u00f3 fotovoltaica a coberta industrial"}]},{"@type":"WebSite","@id":"https:\/\/sunontop.com\/#website","url":"https:\/\/sunontop.com\/","name":"SunOnTop - Energ\u00eda solar fotovoltaica - Cargador veh\u00edculo el\u00e9ctrico","description":"Dise\u00f1o e instalaci\u00f3n de plantas solares fotovoltaicas. Cargadores de veh\u00edculos el\u00e9ctricos","publisher":{"@id":"https:\/\/sunontop.com\/#organization"},"alternateName":"SunOnTop","potentialAction":[{"@type":"SearchAction","target":{"@type":"EntryPoint","urlTemplate":"https:\/\/sunontop.com\/?s={search_term_string}"},"query-input":{"@type":"PropertyValueSpecification","valueRequired":true,"valueName":"search_term_string"}}],"inLanguage":"ca"},{"@type":"Organization","@id":"https:\/\/sunontop.com\/#organization","name":"SunOnTop - Energ\u00eda solar fotovoltaica - Cargador veh\u00edculo el\u00e9ctrico","alternateName":"SunOnTop","url":"https:\/\/sunontop.com\/","logo":{"@type":"ImageObject","inLanguage":"ca","@id":"https:\/\/sunontop.com\/#\/schema\/logo\/image\/","url":"https:\/\/sunontop.com\/wp-content\/uploads\/2022\/11\/logo.png","contentUrl":"https:\/\/sunontop.com\/wp-content\/uploads\/2022\/11\/logo.png","width":175,"height":82,"caption":"SunOnTop - Energ\u00eda solar fotovoltaica - Cargador veh\u00edculo el\u00e9ctrico"},"image":{"@id":"https:\/\/sunontop.com\/#\/schema\/logo\/image\/"},"sameAs":["https:\/\/www.facebook.com\/paciglobal","https:\/\/x.com\/PaciGlobal","https:\/\/www.instagram.com\/paciglobal\/","https:\/\/www.youtube.com\/user\/pacienginyers","https:\/\/www.linkedin.com\/company\/paci-global\/"]},{"@type":"Person","@id":"https:\/\/sunontop.com\/#\/schema\/person\/cac73ac97f7967079821b0f37f4d7cba","name":"SunOnTop","image":{"@type":"ImageObject","inLanguage":"ca","@id":"https:\/\/sunontop.com\/#\/schema\/person\/image\/","url":"https:\/\/secure.gravatar.com\/avatar\/055a7cd1bd0a7c6f33838fad7eb807abe724e19d6b64854d099c8981352c5da4?s=96&d=mm&r=g","contentUrl":"https:\/\/secure.gravatar.com\/avatar\/055a7cd1bd0a7c6f33838fad7eb807abe724e19d6b64854d099c8981352c5da4?s=96&d=mm&r=g","caption":"SunOnTop"},"sameAs":["http:\/\/sunontop.com"],"url":"https:\/\/sunontop.com\/ca\/author\/sunontop\/"}]}},"_links":{"self":[{"href":"https:\/\/sunontop.com\/ca\/wp-json\/wp\/v2\/posts\/3322","targetHints":{"allow":["GET"]}}],"collection":[{"href":"https:\/\/sunontop.com\/ca\/wp-json\/wp\/v2\/posts"}],"about":[{"href":"https:\/\/sunontop.com\/ca\/wp-json\/wp\/v2\/types\/post"}],"author":[{"embeddable":true,"href":"https:\/\/sunontop.com\/ca\/wp-json\/wp\/v2\/users\/1"}],"replies":[{"embeddable":true,"href":"https:\/\/sunontop.com\/ca\/wp-json\/wp\/v2\/comments?post=3322"}],"version-history":[{"count":4,"href":"https:\/\/sunontop.com\/ca\/wp-json\/wp\/v2\/posts\/3322\/revisions"}],"predecessor-version":[{"id":3478,"href":"https:\/\/sunontop.com\/ca\/wp-json\/wp\/v2\/posts\/3322\/revisions\/3478"}],"wp:featuredmedia":[{"embeddable":true,"href":"https:\/\/sunontop.com\/ca\/wp-json\/wp\/v2\/media\/3270"}],"wp:attachment":[{"href":"https:\/\/sunontop.com\/ca\/wp-json\/wp\/v2\/media?parent=3322"}],"wp:term":[{"taxonomy":"category","embeddable":true,"href":"https:\/\/sunontop.com\/ca\/wp-json\/wp\/v2\/categories?post=3322"},{"taxonomy":"post_tag","embeddable":true,"href":"https:\/\/sunontop.com\/ca\/wp-json\/wp\/v2\/tags?post=3322"}],"curies":[{"name":"wp","href":"https:\/\/api.w.org\/{rel}","templated":true}]}}