{"id":3323,"date":"2021-10-20T09:50:16","date_gmt":"2021-10-20T09:50:16","guid":{"rendered":"http:\/\/sunontop.com\/2022\/11\/30\/instalacion-de-autoconsumo-fotovoltaica-de-8-kw-trifasicos-con-excedentes\/"},"modified":"2023-03-23T20:54:42","modified_gmt":"2023-03-23T20:54:42","slug":"instal%c2%b7lacio-dautoconsum-fotovoltaica-de-8-kw-trifasics-amb-excedents","status":"publish","type":"post","link":"https:\/\/sunontop.com\/ca\/2021\/10\/20\/instal%c2%b7lacio-dautoconsum-fotovoltaica-de-8-kw-trifasics-amb-excedents\/","title":{"rendered":"Instal\u00b7laci\u00f3 d&#8217;autoconsum fotovoltaica de 8 kWp trif\u00e0sics amb excedents"},"content":{"rendered":"<div class=\"fusion-text fusion-text-1\">\n<p>El 2021 vam instal\u00b7lar un sistema d&#8217;autoconsum fotovoltaic a la ciutat de Granollers a Espanya, per a <strong>Promocions Immobili\u00e0ries Estap\u00e9<\/strong>. La instal\u00b7laci\u00f3 va comptar amb una capacitat de 8 kWp, cosa que significa que pot generar fins a 8.000 watts d&#8217;energia per hora.<\/p>\n<p>&nbsp;<\/p>\n<p>Per a aquesta instal\u00b7laci\u00f3, es van utilitzar panells solars d&#8217;alta efici\u00e8ncia i qualitat, capa\u00e7os de generar una gran quantitat d&#8217;energia fins i tot en condicions de radiaci\u00f3 solar baixa. Tamb\u00e9 es van instal\u00b7lar inversors d&#8217;\u00faltima generaci\u00f3 que permeten un monitoratge en temps real del sistema i optimitzen el rendiment del sistema.<\/p>\n<p>&nbsp;<\/p>\n<p>La instal\u00b7laci\u00f3 va ser realitzada per un equip de professionals altament capacitats, que van treballar per garantir que el sistema s&#8217;instal\u00b7l\u00e9s de manera segura i eficient. A m\u00e9s, es van seguir tots els protocols de seguretat i les normatives vigents per garantir la seguretat dels treballadors i de la instal\u00b7laci\u00f3 en si.<\/p>\n<p>&nbsp;<\/p>\n<p>La instal\u00b7laci\u00f3 d&#8217;aquesta planta d&#8217;autoconsum fotovoltaic no nom\u00e9s permet reduir la factura d&#8217;electricitat al client, sin\u00f3 que tamb\u00e9 contribueix a la reducci\u00f3 d&#8217;emissions de carboni ia la protecci\u00f3 del medi ambient. En definitiva, \u00e9s una soluci\u00f3 sostenible i rendible per a la generaci\u00f3 d&#8217;energia neta i renovable.<\/p>\n<\/div>\n<p>&nbsp;<\/p>\n<p><strong>#paciglobal #pacienginyers #padilla308 #projectes #proyectos #Granollers #installaciofotovoltaica #instalacionfotovoltaica #autoconsum #autoconsumo #eficienciaenergetica #energyefficiency #clients #clientes #alteuservei #atuservicio #contactans #contactanos<\/strong><\/p>\n","protected":false},"excerpt":{"rendered":"<p>El 2021 vam instal\u00b7lar un sistema d&#8217;autoconsum fotovoltaic a la ciutat de Granollers a Espanya, per a Promocions Immobili\u00e0ries Estap\u00e9. La instal\u00b7laci\u00f3 va comptar amb una capacitat de 8 kWp, cosa que significa que pot generar fins a 8.000 watts d&#8217;energia per hora. &nbsp; Per a aquesta instal\u00b7laci\u00f3, es van utilitzar panells solars d&#8217;alta efici\u00e8ncia&hellip;<\/p>\n","protected":false},"author":1,"featured_media":3265,"comment_status":"open","ping_status":"open","sticky":false,"template":"","format":"standard","meta":{"footnotes":""},"categories":[54],"tags":[52,50,53],"class_list":["post-3323","post","type-post","status-publish","format-standard","has-post-thumbnail","hentry","category-projectes","tag-autoconsum","tag-installacio-fotovoltaica","tag-plaques-fotovoltaiques","category-54","description-off"],"yoast_head":"<!-- This site is optimized with the Yoast SEO plugin v27.1.1 - https:\/\/yoast.com\/product\/yoast-seo-wordpress\/ -->\n<title>Instal\u00b7laci\u00f3 d&#039;autoconsum fotovoltaica de 8 kWp trif\u00e0sics amb excedents - SunOnTop<\/title>\n<meta name=\"robots\" content=\"index, follow, max-snippet:-1, max-image-preview:large, max-video-preview:-1\" \/>\n<link rel=\"canonical\" href=\"https:\/\/sunontop.com\/ca\/2021\/10\/20\/instal\u00b7lacio-dautoconsum-fotovoltaica-de-8-kw-trifasics-amb-excedents\/\" \/>\n<meta property=\"og:locale\" content=\"ca_ES\" \/>\n<meta property=\"og:type\" content=\"article\" \/>\n<meta property=\"og:title\" content=\"Instal\u00b7laci\u00f3 d&#039;autoconsum fotovoltaica de 8 kWp trif\u00e0sics amb excedents - SunOnTop\" \/>\n<meta property=\"og:description\" content=\"El 2021 vam instal\u00b7lar un sistema d&#8217;autoconsum fotovoltaic a la ciutat de Granollers a Espanya, per a Promocions Immobili\u00e0ries Estap\u00e9. La instal\u00b7laci\u00f3 va comptar amb una capacitat de 8 kWp, cosa que significa que pot generar fins a 8.000 watts d&#8217;energia per hora. &nbsp; Per a aquesta instal\u00b7laci\u00f3, es van utilitzar panells solars d&#8217;alta efici\u00e8ncia&hellip;\" \/>\n<meta property=\"og:url\" content=\"https:\/\/sunontop.com\/ca\/2021\/10\/20\/instal\u00b7lacio-dautoconsum-fotovoltaica-de-8-kw-trifasics-amb-excedents\/\" \/>\n<meta property=\"og:site_name\" content=\"SunOnTop\" \/>\n<meta property=\"article:publisher\" content=\"https:\/\/www.facebook.com\/paciglobal\" \/>\n<meta property=\"article:published_time\" content=\"2021-10-20T09:50:16+00:00\" \/>\n<meta property=\"article:modified_time\" content=\"2023-03-23T20:54:42+00:00\" \/>\n<meta property=\"og:image\" content=\"https:\/\/sunontop.com\/wp-content\/uploads\/2022\/11\/IMG_20211014_122023-scaled-1-1024x1024.jpg\" \/>\n\t<meta property=\"og:image:width\" content=\"1024\" \/>\n\t<meta property=\"og:image:height\" content=\"1024\" \/>\n\t<meta property=\"og:image:type\" content=\"image\/jpeg\" \/>\n<meta name=\"author\" content=\"SunOnTop\" \/>\n<meta name=\"twitter:card\" content=\"summary_large_image\" \/>\n<meta name=\"twitter:creator\" content=\"@PaciGlobal\" \/>\n<meta name=\"twitter:site\" content=\"@PaciGlobal\" \/>\n<meta name=\"twitter:label1\" content=\"Escrit per\" \/>\n\t<meta name=\"twitter:data1\" content=\"SunOnTop\" \/>\n\t<meta name=\"twitter:label2\" content=\"Temps estimat de lectura\" \/>\n\t<meta name=\"twitter:data2\" content=\"1 minut\" \/>\n<script type=\"application\/ld+json\" class=\"yoast-schema-graph\">{\"@context\":\"https:\/\/schema.org\",\"@graph\":[{\"@type\":\"Article\",\"@id\":\"https:\/\/sunontop.com\/ca\/2021\/10\/20\/instal%c2%b7lacio-dautoconsum-fotovoltaica-de-8-kw-trifasics-amb-excedents\/#article\",\"isPartOf\":{\"@id\":\"https:\/\/sunontop.com\/ca\/2021\/10\/20\/instal%c2%b7lacio-dautoconsum-fotovoltaica-de-8-kw-trifasics-amb-excedents\/\"},\"author\":{\"name\":\"SunOnTop\",\"@id\":\"https:\/\/sunontop.com\/#\/schema\/person\/cac73ac97f7967079821b0f37f4d7cba\"},\"headline\":\"Instal\u00b7laci\u00f3 d&#8217;autoconsum fotovoltaica de 8 kWp trif\u00e0sics amb excedents\",\"datePublished\":\"2021-10-20T09:50:16+00:00\",\"dateModified\":\"2023-03-23T20:54:42+00:00\",\"mainEntityOfPage\":{\"@id\":\"https:\/\/sunontop.com\/ca\/2021\/10\/20\/instal%c2%b7lacio-dautoconsum-fotovoltaica-de-8-kw-trifasics-amb-excedents\/\"},\"wordCount\":248,\"commentCount\":0,\"publisher\":{\"@id\":\"https:\/\/sunontop.com\/#organization\"},\"image\":{\"@id\":\"https:\/\/sunontop.com\/ca\/2021\/10\/20\/instal%c2%b7lacio-dautoconsum-fotovoltaica-de-8-kw-trifasics-amb-excedents\/#primaryimage\"},\"thumbnailUrl\":\"https:\/\/sunontop.com\/wp-content\/uploads\/2022\/11\/IMG_20211014_122023-scaled-1.jpg\",\"keywords\":[\"autoconsum\",\"instal\u00b7laci\u00f3 fotovoltaica\",\"plaques fotovoltaiques\"],\"articleSection\":[\"Projectes\"],\"inLanguage\":\"ca\",\"potentialAction\":[{\"@type\":\"CommentAction\",\"name\":\"Comment\",\"target\":[\"https:\/\/sunontop.com\/ca\/2021\/10\/20\/instal%c2%b7lacio-dautoconsum-fotovoltaica-de-8-kw-trifasics-amb-excedents\/#respond\"]}]},{\"@type\":\"WebPage\",\"@id\":\"https:\/\/sunontop.com\/ca\/2021\/10\/20\/instal%c2%b7lacio-dautoconsum-fotovoltaica-de-8-kw-trifasics-amb-excedents\/\",\"url\":\"https:\/\/sunontop.com\/ca\/2021\/10\/20\/instal%c2%b7lacio-dautoconsum-fotovoltaica-de-8-kw-trifasics-amb-excedents\/\",\"name\":\"Instal\u00b7laci\u00f3 d'autoconsum fotovoltaica de 8 kWp trif\u00e0sics amb excedents - SunOnTop\",\"isPartOf\":{\"@id\":\"https:\/\/sunontop.com\/#website\"},\"primaryImageOfPage\":{\"@id\":\"https:\/\/sunontop.com\/ca\/2021\/10\/20\/instal%c2%b7lacio-dautoconsum-fotovoltaica-de-8-kw-trifasics-amb-excedents\/#primaryimage\"},\"image\":{\"@id\":\"https:\/\/sunontop.com\/ca\/2021\/10\/20\/instal%c2%b7lacio-dautoconsum-fotovoltaica-de-8-kw-trifasics-amb-excedents\/#primaryimage\"},\"thumbnailUrl\":\"https:\/\/sunontop.com\/wp-content\/uploads\/2022\/11\/IMG_20211014_122023-scaled-1.jpg\",\"datePublished\":\"2021-10-20T09:50:16+00:00\",\"dateModified\":\"2023-03-23T20:54:42+00:00\",\"breadcrumb\":{\"@id\":\"https:\/\/sunontop.com\/ca\/2021\/10\/20\/instal%c2%b7lacio-dautoconsum-fotovoltaica-de-8-kw-trifasics-amb-excedents\/#breadcrumb\"},\"inLanguage\":\"ca\",\"potentialAction\":[{\"@type\":\"ReadAction\",\"target\":[\"https:\/\/sunontop.com\/ca\/2021\/10\/20\/instal%c2%b7lacio-dautoconsum-fotovoltaica-de-8-kw-trifasics-amb-excedents\/\"]}]},{\"@type\":\"ImageObject\",\"inLanguage\":\"ca\",\"@id\":\"https:\/\/sunontop.com\/ca\/2021\/10\/20\/instal%c2%b7lacio-dautoconsum-fotovoltaica-de-8-kw-trifasics-amb-excedents\/#primaryimage\",\"url\":\"https:\/\/sunontop.com\/wp-content\/uploads\/2022\/11\/IMG_20211014_122023-scaled-1.jpg\",\"contentUrl\":\"https:\/\/sunontop.com\/wp-content\/uploads\/2022\/11\/IMG_20211014_122023-scaled-1.jpg\",\"width\":2560,\"height\":2560},{\"@type\":\"BreadcrumbList\",\"@id\":\"https:\/\/sunontop.com\/ca\/2021\/10\/20\/instal%c2%b7lacio-dautoconsum-fotovoltaica-de-8-kw-trifasics-amb-excedents\/#breadcrumb\",\"itemListElement\":[{\"@type\":\"ListItem\",\"position\":1,\"name\":\"Portada\",\"item\":\"https:\/\/sunontop.com\/ca\/\"},{\"@type\":\"ListItem\",\"position\":2,\"name\":\"Instal\u00b7laci\u00f3 d&#8217;autoconsum fotovoltaica de 8 kWp trif\u00e0sics amb excedents\"}]},{\"@type\":\"WebSite\",\"@id\":\"https:\/\/sunontop.com\/#website\",\"url\":\"https:\/\/sunontop.com\/\",\"name\":\"SunOnTop - Energ\u00eda solar fotovoltaica - Cargador veh\u00edculo el\u00e9ctrico\",\"description\":\"Dise\u00f1o e instalaci\u00f3n de plantas solares fotovoltaicas. Cargadores de veh\u00edculos el\u00e9ctricos\",\"publisher\":{\"@id\":\"https:\/\/sunontop.com\/#organization\"},\"alternateName\":\"SunOnTop\",\"potentialAction\":[{\"@type\":\"SearchAction\",\"target\":{\"@type\":\"EntryPoint\",\"urlTemplate\":\"https:\/\/sunontop.com\/?s={search_term_string}\"},\"query-input\":{\"@type\":\"PropertyValueSpecification\",\"valueRequired\":true,\"valueName\":\"search_term_string\"}}],\"inLanguage\":\"ca\"},{\"@type\":\"Organization\",\"@id\":\"https:\/\/sunontop.com\/#organization\",\"name\":\"SunOnTop - Energ\u00eda solar fotovoltaica - Cargador veh\u00edculo el\u00e9ctrico\",\"alternateName\":\"SunOnTop\",\"url\":\"https:\/\/sunontop.com\/\",\"logo\":{\"@type\":\"ImageObject\",\"inLanguage\":\"ca\",\"@id\":\"https:\/\/sunontop.com\/#\/schema\/logo\/image\/\",\"url\":\"https:\/\/sunontop.com\/wp-content\/uploads\/2022\/11\/logo.png\",\"contentUrl\":\"https:\/\/sunontop.com\/wp-content\/uploads\/2022\/11\/logo.png\",\"width\":175,\"height\":82,\"caption\":\"SunOnTop - Energ\u00eda solar fotovoltaica - Cargador veh\u00edculo el\u00e9ctrico\"},\"image\":{\"@id\":\"https:\/\/sunontop.com\/#\/schema\/logo\/image\/\"},\"sameAs\":[\"https:\/\/www.facebook.com\/paciglobal\",\"https:\/\/x.com\/PaciGlobal\",\"https:\/\/www.instagram.com\/paciglobal\/\",\"https:\/\/www.youtube.com\/user\/pacienginyers\",\"https:\/\/www.linkedin.com\/company\/paci-global\/\"]},{\"@type\":\"Person\",\"@id\":\"https:\/\/sunontop.com\/#\/schema\/person\/cac73ac97f7967079821b0f37f4d7cba\",\"name\":\"SunOnTop\",\"image\":{\"@type\":\"ImageObject\",\"inLanguage\":\"ca\",\"@id\":\"https:\/\/sunontop.com\/#\/schema\/person\/image\/\",\"url\":\"https:\/\/secure.gravatar.com\/avatar\/055a7cd1bd0a7c6f33838fad7eb807abe724e19d6b64854d099c8981352c5da4?s=96&d=mm&r=g\",\"contentUrl\":\"https:\/\/secure.gravatar.com\/avatar\/055a7cd1bd0a7c6f33838fad7eb807abe724e19d6b64854d099c8981352c5da4?s=96&d=mm&r=g\",\"caption\":\"SunOnTop\"},\"sameAs\":[\"http:\/\/sunontop.com\"],\"url\":\"https:\/\/sunontop.com\/ca\/author\/sunontop\/\"}]}<\/script>\n<!-- \/ Yoast SEO plugin. -->","yoast_head_json":{"title":"Instal\u00b7laci\u00f3 d'autoconsum fotovoltaica de 8 kWp trif\u00e0sics amb excedents - SunOnTop","robots":{"index":"index","follow":"follow","max-snippet":"max-snippet:-1","max-image-preview":"max-image-preview:large","max-video-preview":"max-video-preview:-1"},"canonical":"https:\/\/sunontop.com\/ca\/2021\/10\/20\/instal\u00b7lacio-dautoconsum-fotovoltaica-de-8-kw-trifasics-amb-excedents\/","og_locale":"ca_ES","og_type":"article","og_title":"Instal\u00b7laci\u00f3 d'autoconsum fotovoltaica de 8 kWp trif\u00e0sics amb excedents - SunOnTop","og_description":"El 2021 vam instal\u00b7lar un sistema d&#8217;autoconsum fotovoltaic a la ciutat de Granollers a Espanya, per a Promocions Immobili\u00e0ries Estap\u00e9. La instal\u00b7laci\u00f3 va comptar amb una capacitat de 8 kWp, cosa que significa que pot generar fins a 8.000 watts d&#8217;energia per hora. &nbsp; Per a aquesta instal\u00b7laci\u00f3, es van utilitzar panells solars d&#8217;alta efici\u00e8ncia&hellip;","og_url":"https:\/\/sunontop.com\/ca\/2021\/10\/20\/instal\u00b7lacio-dautoconsum-fotovoltaica-de-8-kw-trifasics-amb-excedents\/","og_site_name":"SunOnTop","article_publisher":"https:\/\/www.facebook.com\/paciglobal","article_published_time":"2021-10-20T09:50:16+00:00","article_modified_time":"2023-03-23T20:54:42+00:00","og_image":[{"width":1024,"height":1024,"url":"https:\/\/sunontop.com\/wp-content\/uploads\/2022\/11\/IMG_20211014_122023-scaled-1-1024x1024.jpg","type":"image\/jpeg"}],"author":"SunOnTop","twitter_card":"summary_large_image","twitter_creator":"@PaciGlobal","twitter_site":"@PaciGlobal","twitter_misc":{"Escrit per":"SunOnTop","Temps estimat de lectura":"1 minut"},"schema":{"@context":"https:\/\/schema.org","@graph":[{"@type":"Article","@id":"https:\/\/sunontop.com\/ca\/2021\/10\/20\/instal%c2%b7lacio-dautoconsum-fotovoltaica-de-8-kw-trifasics-amb-excedents\/#article","isPartOf":{"@id":"https:\/\/sunontop.com\/ca\/2021\/10\/20\/instal%c2%b7lacio-dautoconsum-fotovoltaica-de-8-kw-trifasics-amb-excedents\/"},"author":{"name":"SunOnTop","@id":"https:\/\/sunontop.com\/#\/schema\/person\/cac73ac97f7967079821b0f37f4d7cba"},"headline":"Instal\u00b7laci\u00f3 d&#8217;autoconsum fotovoltaica de 8 kWp trif\u00e0sics amb excedents","datePublished":"2021-10-20T09:50:16+00:00","dateModified":"2023-03-23T20:54:42+00:00","mainEntityOfPage":{"@id":"https:\/\/sunontop.com\/ca\/2021\/10\/20\/instal%c2%b7lacio-dautoconsum-fotovoltaica-de-8-kw-trifasics-amb-excedents\/"},"wordCount":248,"commentCount":0,"publisher":{"@id":"https:\/\/sunontop.com\/#organization"},"image":{"@id":"https:\/\/sunontop.com\/ca\/2021\/10\/20\/instal%c2%b7lacio-dautoconsum-fotovoltaica-de-8-kw-trifasics-amb-excedents\/#primaryimage"},"thumbnailUrl":"https:\/\/sunontop.com\/wp-content\/uploads\/2022\/11\/IMG_20211014_122023-scaled-1.jpg","keywords":["autoconsum","instal\u00b7laci\u00f3 fotovoltaica","plaques fotovoltaiques"],"articleSection":["Projectes"],"inLanguage":"ca","potentialAction":[{"@type":"CommentAction","name":"Comment","target":["https:\/\/sunontop.com\/ca\/2021\/10\/20\/instal%c2%b7lacio-dautoconsum-fotovoltaica-de-8-kw-trifasics-amb-excedents\/#respond"]}]},{"@type":"WebPage","@id":"https:\/\/sunontop.com\/ca\/2021\/10\/20\/instal%c2%b7lacio-dautoconsum-fotovoltaica-de-8-kw-trifasics-amb-excedents\/","url":"https:\/\/sunontop.com\/ca\/2021\/10\/20\/instal%c2%b7lacio-dautoconsum-fotovoltaica-de-8-kw-trifasics-amb-excedents\/","name":"Instal\u00b7laci\u00f3 d'autoconsum fotovoltaica de 8 kWp trif\u00e0sics amb excedents - SunOnTop","isPartOf":{"@id":"https:\/\/sunontop.com\/#website"},"primaryImageOfPage":{"@id":"https:\/\/sunontop.com\/ca\/2021\/10\/20\/instal%c2%b7lacio-dautoconsum-fotovoltaica-de-8-kw-trifasics-amb-excedents\/#primaryimage"},"image":{"@id":"https:\/\/sunontop.com\/ca\/2021\/10\/20\/instal%c2%b7lacio-dautoconsum-fotovoltaica-de-8-kw-trifasics-amb-excedents\/#primaryimage"},"thumbnailUrl":"https:\/\/sunontop.com\/wp-content\/uploads\/2022\/11\/IMG_20211014_122023-scaled-1.jpg","datePublished":"2021-10-20T09:50:16+00:00","dateModified":"2023-03-23T20:54:42+00:00","breadcrumb":{"@id":"https:\/\/sunontop.com\/ca\/2021\/10\/20\/instal%c2%b7lacio-dautoconsum-fotovoltaica-de-8-kw-trifasics-amb-excedents\/#breadcrumb"},"inLanguage":"ca","potentialAction":[{"@type":"ReadAction","target":["https:\/\/sunontop.com\/ca\/2021\/10\/20\/instal%c2%b7lacio-dautoconsum-fotovoltaica-de-8-kw-trifasics-amb-excedents\/"]}]},{"@type":"ImageObject","inLanguage":"ca","@id":"https:\/\/sunontop.com\/ca\/2021\/10\/20\/instal%c2%b7lacio-dautoconsum-fotovoltaica-de-8-kw-trifasics-amb-excedents\/#primaryimage","url":"https:\/\/sunontop.com\/wp-content\/uploads\/2022\/11\/IMG_20211014_122023-scaled-1.jpg","contentUrl":"https:\/\/sunontop.com\/wp-content\/uploads\/2022\/11\/IMG_20211014_122023-scaled-1.jpg","width":2560,"height":2560},{"@type":"BreadcrumbList","@id":"https:\/\/sunontop.com\/ca\/2021\/10\/20\/instal%c2%b7lacio-dautoconsum-fotovoltaica-de-8-kw-trifasics-amb-excedents\/#breadcrumb","itemListElement":[{"@type":"ListItem","position":1,"name":"Portada","item":"https:\/\/sunontop.com\/ca\/"},{"@type":"ListItem","position":2,"name":"Instal\u00b7laci\u00f3 d&#8217;autoconsum fotovoltaica de 8 kWp trif\u00e0sics amb excedents"}]},{"@type":"WebSite","@id":"https:\/\/sunontop.com\/#website","url":"https:\/\/sunontop.com\/","name":"SunOnTop - Energ\u00eda solar fotovoltaica - Cargador veh\u00edculo el\u00e9ctrico","description":"Dise\u00f1o e instalaci\u00f3n de plantas solares fotovoltaicas. Cargadores de veh\u00edculos el\u00e9ctricos","publisher":{"@id":"https:\/\/sunontop.com\/#organization"},"alternateName":"SunOnTop","potentialAction":[{"@type":"SearchAction","target":{"@type":"EntryPoint","urlTemplate":"https:\/\/sunontop.com\/?s={search_term_string}"},"query-input":{"@type":"PropertyValueSpecification","valueRequired":true,"valueName":"search_term_string"}}],"inLanguage":"ca"},{"@type":"Organization","@id":"https:\/\/sunontop.com\/#organization","name":"SunOnTop - Energ\u00eda solar fotovoltaica - Cargador veh\u00edculo el\u00e9ctrico","alternateName":"SunOnTop","url":"https:\/\/sunontop.com\/","logo":{"@type":"ImageObject","inLanguage":"ca","@id":"https:\/\/sunontop.com\/#\/schema\/logo\/image\/","url":"https:\/\/sunontop.com\/wp-content\/uploads\/2022\/11\/logo.png","contentUrl":"https:\/\/sunontop.com\/wp-content\/uploads\/2022\/11\/logo.png","width":175,"height":82,"caption":"SunOnTop - Energ\u00eda solar fotovoltaica - Cargador veh\u00edculo el\u00e9ctrico"},"image":{"@id":"https:\/\/sunontop.com\/#\/schema\/logo\/image\/"},"sameAs":["https:\/\/www.facebook.com\/paciglobal","https:\/\/x.com\/PaciGlobal","https:\/\/www.instagram.com\/paciglobal\/","https:\/\/www.youtube.com\/user\/pacienginyers","https:\/\/www.linkedin.com\/company\/paci-global\/"]},{"@type":"Person","@id":"https:\/\/sunontop.com\/#\/schema\/person\/cac73ac97f7967079821b0f37f4d7cba","name":"SunOnTop","image":{"@type":"ImageObject","inLanguage":"ca","@id":"https:\/\/sunontop.com\/#\/schema\/person\/image\/","url":"https:\/\/secure.gravatar.com\/avatar\/055a7cd1bd0a7c6f33838fad7eb807abe724e19d6b64854d099c8981352c5da4?s=96&d=mm&r=g","contentUrl":"https:\/\/secure.gravatar.com\/avatar\/055a7cd1bd0a7c6f33838fad7eb807abe724e19d6b64854d099c8981352c5da4?s=96&d=mm&r=g","caption":"SunOnTop"},"sameAs":["http:\/\/sunontop.com"],"url":"https:\/\/sunontop.com\/ca\/author\/sunontop\/"}]}},"_links":{"self":[{"href":"https:\/\/sunontop.com\/ca\/wp-json\/wp\/v2\/posts\/3323","targetHints":{"allow":["GET"]}}],"collection":[{"href":"https:\/\/sunontop.com\/ca\/wp-json\/wp\/v2\/posts"}],"about":[{"href":"https:\/\/sunontop.com\/ca\/wp-json\/wp\/v2\/types\/post"}],"author":[{"embeddable":true,"href":"https:\/\/sunontop.com\/ca\/wp-json\/wp\/v2\/users\/1"}],"replies":[{"embeddable":true,"href":"https:\/\/sunontop.com\/ca\/wp-json\/wp\/v2\/comments?post=3323"}],"version-history":[{"count":4,"href":"https:\/\/sunontop.com\/ca\/wp-json\/wp\/v2\/posts\/3323\/revisions"}],"predecessor-version":[{"id":3479,"href":"https:\/\/sunontop.com\/ca\/wp-json\/wp\/v2\/posts\/3323\/revisions\/3479"}],"wp:featuredmedia":[{"embeddable":true,"href":"https:\/\/sunontop.com\/ca\/wp-json\/wp\/v2\/media\/3265"}],"wp:attachment":[{"href":"https:\/\/sunontop.com\/ca\/wp-json\/wp\/v2\/media?parent=3323"}],"wp:term":[{"taxonomy":"category","embeddable":true,"href":"https:\/\/sunontop.com\/ca\/wp-json\/wp\/v2\/categories?post=3323"},{"taxonomy":"post_tag","embeddable":true,"href":"https:\/\/sunontop.com\/ca\/wp-json\/wp\/v2\/tags?post=3323"}],"curies":[{"name":"wp","href":"https:\/\/api.w.org\/{rel}","templated":true}]}}