{"id":3324,"date":"2022-05-26T09:48:30","date_gmt":"2022-05-26T09:48:30","guid":{"rendered":"http:\/\/sunontop.com\/2022\/11\/30\/instalacion-de-autoconsumo-fotovoltaica-de-55-kwh-monofasicos-con-excedentes\/"},"modified":"2023-03-23T20:56:19","modified_gmt":"2023-03-23T20:56:19","slug":"instal%c2%b7lacio-dautoconsum-fotovoltaica-de-55-kwh-monofasics-amb-excedents","status":"publish","type":"post","link":"https:\/\/sunontop.com\/ca\/2022\/05\/26\/instal%c2%b7lacio-dautoconsum-fotovoltaica-de-55-kwh-monofasics-amb-excedents\/","title":{"rendered":"Instal\u00b7laci\u00f3 d&#8217;autoconsum fotovoltaica de 5,5 kWp monof\u00e0sics amb excedents"},"content":{"rendered":"<div class=\"fusion-text fusion-text-1\">\n<p>L&#8217;any 2022 hem dut a terme un projecte d&#8217;instal\u00b7laci\u00f3 d&#8217;autoconsum fotovoltaic amb excedents de 5,5 kWp per a un client privat a la localitat d&#8217;Alt Empord\u00e0 a Espanya. L&#8217;objectiu principal del projecte va ser proporcionar al client una soluci\u00f3 d&#8217;energia renovable que li permet\u00e9s estalviar a la factura d&#8217;electricitat i contribuir a la cura del medi ambient.<\/p>\n<p>&nbsp;<\/p>\n<p>Per assolir aquest objectiu, s&#8217;ha dut a terme una instal\u00b7laci\u00f3 fotovoltaica d&#8217;autoconsum amb excedents de 5,5 kWp que compta amb un inversor monof\u00e0sic FRONIUS PRIMO, una estructura de suport SOLARBLOC i panells fotovoltaics de 465 W. La instal\u00b7laci\u00f3 ha estat dissenyada i executada per experts en instal\u00b7laci\u00f3 el\u00e8ctrica i ha complert totes les normatives i regulacions locals i nacionals en mat\u00e8ria de seguretat el\u00e8ctrica i energ\u00e8tica.<\/p>\n<p>&nbsp;<\/p>\n<p>La instal\u00b7laci\u00f3 fotovoltaica d&#8217;autoconsum amb excedents permetr\u00e0 al client produir la seva pr\u00f2pia energia el\u00e8ctrica a partir d&#8217;una font renovable i reduir-ne la depend\u00e8ncia de la xarxa el\u00e8ctrica convencional.<\/p>\n<p>&nbsp;<\/p>\n<p>En resum, estem orgullosos d&#8217;haver proporcionat al client una soluci\u00f3 d&#8217;energia renovable que us permetr\u00e0 estalviar en la vostra factura d&#8217;electricitat, contribuir a la cura del medi ambient i generar ingressos addicionals a trav\u00e9s de la venda d&#8217;excedents d&#8217;energia el\u00e8ctrica. Esperem poder seguir ajudant els nostres clients a adoptar tecnologies m\u00e9s sostenibles en el futur.<\/p>\n<p>&nbsp;<\/p>\n<\/div>\n<p><strong>@abcgrup_ #paciglobal #pacienginyers #padilla308 #projectes #proyectos #altemporda #fotovoltaica #autoconsum #autoconsumo #rehabilitacio #monofasic #monofasico #plaquesfotovoltaiques #placasfotovoltaicas #clients #clientes #alteuservei #atuservicio #contactans #contactanos<\/strong><\/p>\n","protected":false},"excerpt":{"rendered":"<p>L&#8217;any 2022 hem dut a terme un projecte d&#8217;instal\u00b7laci\u00f3 d&#8217;autoconsum fotovoltaic amb excedents de 5,5 kWp per a un client privat a la localitat d&#8217;Alt Empord\u00e0 a Espanya. L&#8217;objectiu principal del projecte va ser proporcionar al client una soluci\u00f3 d&#8217;energia renovable que li permet\u00e9s estalviar a la factura d&#8217;electricitat i contribuir a la cura del&hellip;<\/p>\n","protected":false},"author":1,"featured_media":3261,"comment_status":"open","ping_status":"open","sticky":false,"template":"","format":"standard","meta":{"footnotes":""},"categories":[54],"tags":[52,50,53],"class_list":["post-3324","post","type-post","status-publish","format-standard","has-post-thumbnail","hentry","category-projectes","tag-autoconsum","tag-installacio-fotovoltaica","tag-plaques-fotovoltaiques","category-54","description-off"],"yoast_head":"<!-- This site is optimized with the Yoast SEO plugin v27.1.1 - https:\/\/yoast.com\/product\/yoast-seo-wordpress\/ -->\n<title>Instal\u00b7laci\u00f3 d&#039;autoconsum fotovoltaica de 5,5 kWp monof\u00e0sics amb excedents - SunOnTop<\/title>\n<meta name=\"robots\" content=\"index, follow, max-snippet:-1, max-image-preview:large, max-video-preview:-1\" \/>\n<link rel=\"canonical\" href=\"https:\/\/sunontop.com\/ca\/2022\/05\/26\/instal\u00b7lacio-dautoconsum-fotovoltaica-de-55-kwh-monofasics-amb-excedents\/\" \/>\n<meta property=\"og:locale\" content=\"ca_ES\" \/>\n<meta property=\"og:type\" content=\"article\" \/>\n<meta property=\"og:title\" content=\"Instal\u00b7laci\u00f3 d&#039;autoconsum fotovoltaica de 5,5 kWp monof\u00e0sics amb excedents - SunOnTop\" \/>\n<meta property=\"og:description\" content=\"L&#8217;any 2022 hem dut a terme un projecte d&#8217;instal\u00b7laci\u00f3 d&#8217;autoconsum fotovoltaic amb excedents de 5,5 kWp per a un client privat a la localitat d&#8217;Alt Empord\u00e0 a Espanya. L&#8217;objectiu principal del projecte va ser proporcionar al client una soluci\u00f3 d&#8217;energia renovable que li permet\u00e9s estalviar a la factura d&#8217;electricitat i contribuir a la cura del&hellip;\" \/>\n<meta property=\"og:url\" content=\"https:\/\/sunontop.com\/ca\/2022\/05\/26\/instal\u00b7lacio-dautoconsum-fotovoltaica-de-55-kwh-monofasics-amb-excedents\/\" \/>\n<meta property=\"og:site_name\" content=\"SunOnTop\" \/>\n<meta property=\"article:publisher\" content=\"https:\/\/www.facebook.com\/paciglobal\" \/>\n<meta property=\"article:published_time\" content=\"2022-05-26T09:48:30+00:00\" \/>\n<meta property=\"article:modified_time\" content=\"2023-03-23T20:56:19+00:00\" \/>\n<meta property=\"og:image\" content=\"https:\/\/sunontop.com\/wp-content\/uploads\/2022\/11\/b2b455f7-d9d8-4d51-9be8-262f6edec354.jpg\" \/>\n\t<meta property=\"og:image:width\" content=\"900\" \/>\n\t<meta property=\"og:image:height\" content=\"900\" \/>\n\t<meta property=\"og:image:type\" content=\"image\/jpeg\" \/>\n<meta name=\"author\" content=\"SunOnTop\" \/>\n<meta name=\"twitter:card\" content=\"summary_large_image\" \/>\n<meta name=\"twitter:creator\" content=\"@PaciGlobal\" \/>\n<meta name=\"twitter:site\" content=\"@PaciGlobal\" \/>\n<meta name=\"twitter:label1\" content=\"Escrit per\" \/>\n\t<meta name=\"twitter:data1\" content=\"SunOnTop\" \/>\n\t<meta name=\"twitter:label2\" content=\"Temps estimat de lectura\" \/>\n\t<meta name=\"twitter:data2\" content=\"2 minuts\" \/>\n<script type=\"application\/ld+json\" class=\"yoast-schema-graph\">{\"@context\":\"https:\/\/schema.org\",\"@graph\":[{\"@type\":\"Article\",\"@id\":\"https:\/\/sunontop.com\/ca\/2022\/05\/26\/instal%c2%b7lacio-dautoconsum-fotovoltaica-de-55-kwh-monofasics-amb-excedents\/#article\",\"isPartOf\":{\"@id\":\"https:\/\/sunontop.com\/ca\/2022\/05\/26\/instal%c2%b7lacio-dautoconsum-fotovoltaica-de-55-kwh-monofasics-amb-excedents\/\"},\"author\":{\"name\":\"SunOnTop\",\"@id\":\"https:\/\/sunontop.com\/#\/schema\/person\/cac73ac97f7967079821b0f37f4d7cba\"},\"headline\":\"Instal\u00b7laci\u00f3 d&#8217;autoconsum fotovoltaica de 5,5 kWp monof\u00e0sics amb excedents\",\"datePublished\":\"2022-05-26T09:48:30+00:00\",\"dateModified\":\"2023-03-23T20:56:19+00:00\",\"mainEntityOfPage\":{\"@id\":\"https:\/\/sunontop.com\/ca\/2022\/05\/26\/instal%c2%b7lacio-dautoconsum-fotovoltaica-de-55-kwh-monofasics-amb-excedents\/\"},\"wordCount\":273,\"commentCount\":0,\"publisher\":{\"@id\":\"https:\/\/sunontop.com\/#organization\"},\"image\":{\"@id\":\"https:\/\/sunontop.com\/ca\/2022\/05\/26\/instal%c2%b7lacio-dautoconsum-fotovoltaica-de-55-kwh-monofasics-amb-excedents\/#primaryimage\"},\"thumbnailUrl\":\"https:\/\/sunontop.com\/wp-content\/uploads\/2022\/11\/b2b455f7-d9d8-4d51-9be8-262f6edec354.jpg\",\"keywords\":[\"autoconsum\",\"instal\u00b7laci\u00f3 fotovoltaica\",\"plaques fotovoltaiques\"],\"articleSection\":[\"Projectes\"],\"inLanguage\":\"ca\",\"potentialAction\":[{\"@type\":\"CommentAction\",\"name\":\"Comment\",\"target\":[\"https:\/\/sunontop.com\/ca\/2022\/05\/26\/instal%c2%b7lacio-dautoconsum-fotovoltaica-de-55-kwh-monofasics-amb-excedents\/#respond\"]}]},{\"@type\":\"WebPage\",\"@id\":\"https:\/\/sunontop.com\/ca\/2022\/05\/26\/instal%c2%b7lacio-dautoconsum-fotovoltaica-de-55-kwh-monofasics-amb-excedents\/\",\"url\":\"https:\/\/sunontop.com\/ca\/2022\/05\/26\/instal%c2%b7lacio-dautoconsum-fotovoltaica-de-55-kwh-monofasics-amb-excedents\/\",\"name\":\"Instal\u00b7laci\u00f3 d'autoconsum fotovoltaica de 5,5 kWp monof\u00e0sics amb excedents - SunOnTop\",\"isPartOf\":{\"@id\":\"https:\/\/sunontop.com\/#website\"},\"primaryImageOfPage\":{\"@id\":\"https:\/\/sunontop.com\/ca\/2022\/05\/26\/instal%c2%b7lacio-dautoconsum-fotovoltaica-de-55-kwh-monofasics-amb-excedents\/#primaryimage\"},\"image\":{\"@id\":\"https:\/\/sunontop.com\/ca\/2022\/05\/26\/instal%c2%b7lacio-dautoconsum-fotovoltaica-de-55-kwh-monofasics-amb-excedents\/#primaryimage\"},\"thumbnailUrl\":\"https:\/\/sunontop.com\/wp-content\/uploads\/2022\/11\/b2b455f7-d9d8-4d51-9be8-262f6edec354.jpg\",\"datePublished\":\"2022-05-26T09:48:30+00:00\",\"dateModified\":\"2023-03-23T20:56:19+00:00\",\"breadcrumb\":{\"@id\":\"https:\/\/sunontop.com\/ca\/2022\/05\/26\/instal%c2%b7lacio-dautoconsum-fotovoltaica-de-55-kwh-monofasics-amb-excedents\/#breadcrumb\"},\"inLanguage\":\"ca\",\"potentialAction\":[{\"@type\":\"ReadAction\",\"target\":[\"https:\/\/sunontop.com\/ca\/2022\/05\/26\/instal%c2%b7lacio-dautoconsum-fotovoltaica-de-55-kwh-monofasics-amb-excedents\/\"]}]},{\"@type\":\"ImageObject\",\"inLanguage\":\"ca\",\"@id\":\"https:\/\/sunontop.com\/ca\/2022\/05\/26\/instal%c2%b7lacio-dautoconsum-fotovoltaica-de-55-kwh-monofasics-amb-excedents\/#primaryimage\",\"url\":\"https:\/\/sunontop.com\/wp-content\/uploads\/2022\/11\/b2b455f7-d9d8-4d51-9be8-262f6edec354.jpg\",\"contentUrl\":\"https:\/\/sunontop.com\/wp-content\/uploads\/2022\/11\/b2b455f7-d9d8-4d51-9be8-262f6edec354.jpg\",\"width\":900,\"height\":900},{\"@type\":\"BreadcrumbList\",\"@id\":\"https:\/\/sunontop.com\/ca\/2022\/05\/26\/instal%c2%b7lacio-dautoconsum-fotovoltaica-de-55-kwh-monofasics-amb-excedents\/#breadcrumb\",\"itemListElement\":[{\"@type\":\"ListItem\",\"position\":1,\"name\":\"Portada\",\"item\":\"https:\/\/sunontop.com\/ca\/\"},{\"@type\":\"ListItem\",\"position\":2,\"name\":\"Instal\u00b7laci\u00f3 d&#8217;autoconsum fotovoltaica de 5,5 kWp monof\u00e0sics amb excedents\"}]},{\"@type\":\"WebSite\",\"@id\":\"https:\/\/sunontop.com\/#website\",\"url\":\"https:\/\/sunontop.com\/\",\"name\":\"SunOnTop - Energ\u00eda solar fotovoltaica - Cargador veh\u00edculo el\u00e9ctrico\",\"description\":\"Dise\u00f1o e instalaci\u00f3n de plantas solares fotovoltaicas. Cargadores de veh\u00edculos el\u00e9ctricos\",\"publisher\":{\"@id\":\"https:\/\/sunontop.com\/#organization\"},\"alternateName\":\"SunOnTop\",\"potentialAction\":[{\"@type\":\"SearchAction\",\"target\":{\"@type\":\"EntryPoint\",\"urlTemplate\":\"https:\/\/sunontop.com\/?s={search_term_string}\"},\"query-input\":{\"@type\":\"PropertyValueSpecification\",\"valueRequired\":true,\"valueName\":\"search_term_string\"}}],\"inLanguage\":\"ca\"},{\"@type\":\"Organization\",\"@id\":\"https:\/\/sunontop.com\/#organization\",\"name\":\"SunOnTop - Energ\u00eda solar fotovoltaica - Cargador veh\u00edculo el\u00e9ctrico\",\"alternateName\":\"SunOnTop\",\"url\":\"https:\/\/sunontop.com\/\",\"logo\":{\"@type\":\"ImageObject\",\"inLanguage\":\"ca\",\"@id\":\"https:\/\/sunontop.com\/#\/schema\/logo\/image\/\",\"url\":\"https:\/\/sunontop.com\/wp-content\/uploads\/2022\/11\/logo.png\",\"contentUrl\":\"https:\/\/sunontop.com\/wp-content\/uploads\/2022\/11\/logo.png\",\"width\":175,\"height\":82,\"caption\":\"SunOnTop - Energ\u00eda solar fotovoltaica - Cargador veh\u00edculo el\u00e9ctrico\"},\"image\":{\"@id\":\"https:\/\/sunontop.com\/#\/schema\/logo\/image\/\"},\"sameAs\":[\"https:\/\/www.facebook.com\/paciglobal\",\"https:\/\/x.com\/PaciGlobal\",\"https:\/\/www.instagram.com\/paciglobal\/\",\"https:\/\/www.youtube.com\/user\/pacienginyers\",\"https:\/\/www.linkedin.com\/company\/paci-global\/\"]},{\"@type\":\"Person\",\"@id\":\"https:\/\/sunontop.com\/#\/schema\/person\/cac73ac97f7967079821b0f37f4d7cba\",\"name\":\"SunOnTop\",\"image\":{\"@type\":\"ImageObject\",\"inLanguage\":\"ca\",\"@id\":\"https:\/\/sunontop.com\/#\/schema\/person\/image\/\",\"url\":\"https:\/\/secure.gravatar.com\/avatar\/055a7cd1bd0a7c6f33838fad7eb807abe724e19d6b64854d099c8981352c5da4?s=96&d=mm&r=g\",\"contentUrl\":\"https:\/\/secure.gravatar.com\/avatar\/055a7cd1bd0a7c6f33838fad7eb807abe724e19d6b64854d099c8981352c5da4?s=96&d=mm&r=g\",\"caption\":\"SunOnTop\"},\"sameAs\":[\"http:\/\/sunontop.com\"],\"url\":\"https:\/\/sunontop.com\/ca\/author\/sunontop\/\"}]}<\/script>\n<!-- \/ Yoast SEO plugin. -->","yoast_head_json":{"title":"Instal\u00b7laci\u00f3 d'autoconsum fotovoltaica de 5,5 kWp monof\u00e0sics amb excedents - SunOnTop","robots":{"index":"index","follow":"follow","max-snippet":"max-snippet:-1","max-image-preview":"max-image-preview:large","max-video-preview":"max-video-preview:-1"},"canonical":"https:\/\/sunontop.com\/ca\/2022\/05\/26\/instal\u00b7lacio-dautoconsum-fotovoltaica-de-55-kwh-monofasics-amb-excedents\/","og_locale":"ca_ES","og_type":"article","og_title":"Instal\u00b7laci\u00f3 d'autoconsum fotovoltaica de 5,5 kWp monof\u00e0sics amb excedents - SunOnTop","og_description":"L&#8217;any 2022 hem dut a terme un projecte d&#8217;instal\u00b7laci\u00f3 d&#8217;autoconsum fotovoltaic amb excedents de 5,5 kWp per a un client privat a la localitat d&#8217;Alt Empord\u00e0 a Espanya. L&#8217;objectiu principal del projecte va ser proporcionar al client una soluci\u00f3 d&#8217;energia renovable que li permet\u00e9s estalviar a la factura d&#8217;electricitat i contribuir a la cura del&hellip;","og_url":"https:\/\/sunontop.com\/ca\/2022\/05\/26\/instal\u00b7lacio-dautoconsum-fotovoltaica-de-55-kwh-monofasics-amb-excedents\/","og_site_name":"SunOnTop","article_publisher":"https:\/\/www.facebook.com\/paciglobal","article_published_time":"2022-05-26T09:48:30+00:00","article_modified_time":"2023-03-23T20:56:19+00:00","og_image":[{"width":900,"height":900,"url":"https:\/\/sunontop.com\/wp-content\/uploads\/2022\/11\/b2b455f7-d9d8-4d51-9be8-262f6edec354.jpg","type":"image\/jpeg"}],"author":"SunOnTop","twitter_card":"summary_large_image","twitter_creator":"@PaciGlobal","twitter_site":"@PaciGlobal","twitter_misc":{"Escrit per":"SunOnTop","Temps estimat de lectura":"2 minuts"},"schema":{"@context":"https:\/\/schema.org","@graph":[{"@type":"Article","@id":"https:\/\/sunontop.com\/ca\/2022\/05\/26\/instal%c2%b7lacio-dautoconsum-fotovoltaica-de-55-kwh-monofasics-amb-excedents\/#article","isPartOf":{"@id":"https:\/\/sunontop.com\/ca\/2022\/05\/26\/instal%c2%b7lacio-dautoconsum-fotovoltaica-de-55-kwh-monofasics-amb-excedents\/"},"author":{"name":"SunOnTop","@id":"https:\/\/sunontop.com\/#\/schema\/person\/cac73ac97f7967079821b0f37f4d7cba"},"headline":"Instal\u00b7laci\u00f3 d&#8217;autoconsum fotovoltaica de 5,5 kWp monof\u00e0sics amb excedents","datePublished":"2022-05-26T09:48:30+00:00","dateModified":"2023-03-23T20:56:19+00:00","mainEntityOfPage":{"@id":"https:\/\/sunontop.com\/ca\/2022\/05\/26\/instal%c2%b7lacio-dautoconsum-fotovoltaica-de-55-kwh-monofasics-amb-excedents\/"},"wordCount":273,"commentCount":0,"publisher":{"@id":"https:\/\/sunontop.com\/#organization"},"image":{"@id":"https:\/\/sunontop.com\/ca\/2022\/05\/26\/instal%c2%b7lacio-dautoconsum-fotovoltaica-de-55-kwh-monofasics-amb-excedents\/#primaryimage"},"thumbnailUrl":"https:\/\/sunontop.com\/wp-content\/uploads\/2022\/11\/b2b455f7-d9d8-4d51-9be8-262f6edec354.jpg","keywords":["autoconsum","instal\u00b7laci\u00f3 fotovoltaica","plaques fotovoltaiques"],"articleSection":["Projectes"],"inLanguage":"ca","potentialAction":[{"@type":"CommentAction","name":"Comment","target":["https:\/\/sunontop.com\/ca\/2022\/05\/26\/instal%c2%b7lacio-dautoconsum-fotovoltaica-de-55-kwh-monofasics-amb-excedents\/#respond"]}]},{"@type":"WebPage","@id":"https:\/\/sunontop.com\/ca\/2022\/05\/26\/instal%c2%b7lacio-dautoconsum-fotovoltaica-de-55-kwh-monofasics-amb-excedents\/","url":"https:\/\/sunontop.com\/ca\/2022\/05\/26\/instal%c2%b7lacio-dautoconsum-fotovoltaica-de-55-kwh-monofasics-amb-excedents\/","name":"Instal\u00b7laci\u00f3 d'autoconsum fotovoltaica de 5,5 kWp monof\u00e0sics amb excedents - SunOnTop","isPartOf":{"@id":"https:\/\/sunontop.com\/#website"},"primaryImageOfPage":{"@id":"https:\/\/sunontop.com\/ca\/2022\/05\/26\/instal%c2%b7lacio-dautoconsum-fotovoltaica-de-55-kwh-monofasics-amb-excedents\/#primaryimage"},"image":{"@id":"https:\/\/sunontop.com\/ca\/2022\/05\/26\/instal%c2%b7lacio-dautoconsum-fotovoltaica-de-55-kwh-monofasics-amb-excedents\/#primaryimage"},"thumbnailUrl":"https:\/\/sunontop.com\/wp-content\/uploads\/2022\/11\/b2b455f7-d9d8-4d51-9be8-262f6edec354.jpg","datePublished":"2022-05-26T09:48:30+00:00","dateModified":"2023-03-23T20:56:19+00:00","breadcrumb":{"@id":"https:\/\/sunontop.com\/ca\/2022\/05\/26\/instal%c2%b7lacio-dautoconsum-fotovoltaica-de-55-kwh-monofasics-amb-excedents\/#breadcrumb"},"inLanguage":"ca","potentialAction":[{"@type":"ReadAction","target":["https:\/\/sunontop.com\/ca\/2022\/05\/26\/instal%c2%b7lacio-dautoconsum-fotovoltaica-de-55-kwh-monofasics-amb-excedents\/"]}]},{"@type":"ImageObject","inLanguage":"ca","@id":"https:\/\/sunontop.com\/ca\/2022\/05\/26\/instal%c2%b7lacio-dautoconsum-fotovoltaica-de-55-kwh-monofasics-amb-excedents\/#primaryimage","url":"https:\/\/sunontop.com\/wp-content\/uploads\/2022\/11\/b2b455f7-d9d8-4d51-9be8-262f6edec354.jpg","contentUrl":"https:\/\/sunontop.com\/wp-content\/uploads\/2022\/11\/b2b455f7-d9d8-4d51-9be8-262f6edec354.jpg","width":900,"height":900},{"@type":"BreadcrumbList","@id":"https:\/\/sunontop.com\/ca\/2022\/05\/26\/instal%c2%b7lacio-dautoconsum-fotovoltaica-de-55-kwh-monofasics-amb-excedents\/#breadcrumb","itemListElement":[{"@type":"ListItem","position":1,"name":"Portada","item":"https:\/\/sunontop.com\/ca\/"},{"@type":"ListItem","position":2,"name":"Instal\u00b7laci\u00f3 d&#8217;autoconsum fotovoltaica de 5,5 kWp monof\u00e0sics amb excedents"}]},{"@type":"WebSite","@id":"https:\/\/sunontop.com\/#website","url":"https:\/\/sunontop.com\/","name":"SunOnTop - Energ\u00eda solar fotovoltaica - Cargador veh\u00edculo el\u00e9ctrico","description":"Dise\u00f1o e instalaci\u00f3n de plantas solares fotovoltaicas. Cargadores de veh\u00edculos el\u00e9ctricos","publisher":{"@id":"https:\/\/sunontop.com\/#organization"},"alternateName":"SunOnTop","potentialAction":[{"@type":"SearchAction","target":{"@type":"EntryPoint","urlTemplate":"https:\/\/sunontop.com\/?s={search_term_string}"},"query-input":{"@type":"PropertyValueSpecification","valueRequired":true,"valueName":"search_term_string"}}],"inLanguage":"ca"},{"@type":"Organization","@id":"https:\/\/sunontop.com\/#organization","name":"SunOnTop - Energ\u00eda solar fotovoltaica - Cargador veh\u00edculo el\u00e9ctrico","alternateName":"SunOnTop","url":"https:\/\/sunontop.com\/","logo":{"@type":"ImageObject","inLanguage":"ca","@id":"https:\/\/sunontop.com\/#\/schema\/logo\/image\/","url":"https:\/\/sunontop.com\/wp-content\/uploads\/2022\/11\/logo.png","contentUrl":"https:\/\/sunontop.com\/wp-content\/uploads\/2022\/11\/logo.png","width":175,"height":82,"caption":"SunOnTop - Energ\u00eda solar fotovoltaica - Cargador veh\u00edculo el\u00e9ctrico"},"image":{"@id":"https:\/\/sunontop.com\/#\/schema\/logo\/image\/"},"sameAs":["https:\/\/www.facebook.com\/paciglobal","https:\/\/x.com\/PaciGlobal","https:\/\/www.instagram.com\/paciglobal\/","https:\/\/www.youtube.com\/user\/pacienginyers","https:\/\/www.linkedin.com\/company\/paci-global\/"]},{"@type":"Person","@id":"https:\/\/sunontop.com\/#\/schema\/person\/cac73ac97f7967079821b0f37f4d7cba","name":"SunOnTop","image":{"@type":"ImageObject","inLanguage":"ca","@id":"https:\/\/sunontop.com\/#\/schema\/person\/image\/","url":"https:\/\/secure.gravatar.com\/avatar\/055a7cd1bd0a7c6f33838fad7eb807abe724e19d6b64854d099c8981352c5da4?s=96&d=mm&r=g","contentUrl":"https:\/\/secure.gravatar.com\/avatar\/055a7cd1bd0a7c6f33838fad7eb807abe724e19d6b64854d099c8981352c5da4?s=96&d=mm&r=g","caption":"SunOnTop"},"sameAs":["http:\/\/sunontop.com"],"url":"https:\/\/sunontop.com\/ca\/author\/sunontop\/"}]}},"_links":{"self":[{"href":"https:\/\/sunontop.com\/ca\/wp-json\/wp\/v2\/posts\/3324","targetHints":{"allow":["GET"]}}],"collection":[{"href":"https:\/\/sunontop.com\/ca\/wp-json\/wp\/v2\/posts"}],"about":[{"href":"https:\/\/sunontop.com\/ca\/wp-json\/wp\/v2\/types\/post"}],"author":[{"embeddable":true,"href":"https:\/\/sunontop.com\/ca\/wp-json\/wp\/v2\/users\/1"}],"replies":[{"embeddable":true,"href":"https:\/\/sunontop.com\/ca\/wp-json\/wp\/v2\/comments?post=3324"}],"version-history":[{"count":5,"href":"https:\/\/sunontop.com\/ca\/wp-json\/wp\/v2\/posts\/3324\/revisions"}],"predecessor-version":[{"id":3480,"href":"https:\/\/sunontop.com\/ca\/wp-json\/wp\/v2\/posts\/3324\/revisions\/3480"}],"wp:featuredmedia":[{"embeddable":true,"href":"https:\/\/sunontop.com\/ca\/wp-json\/wp\/v2\/media\/3261"}],"wp:attachment":[{"href":"https:\/\/sunontop.com\/ca\/wp-json\/wp\/v2\/media?parent=3324"}],"wp:term":[{"taxonomy":"category","embeddable":true,"href":"https:\/\/sunontop.com\/ca\/wp-json\/wp\/v2\/categories?post=3324"},{"taxonomy":"post_tag","embeddable":true,"href":"https:\/\/sunontop.com\/ca\/wp-json\/wp\/v2\/tags?post=3324"}],"curies":[{"name":"wp","href":"https:\/\/api.w.org\/{rel}","templated":true}]}}