{"id":3482,"date":"2023-03-23T21:00:46","date_gmt":"2023-03-23T21:00:46","guid":{"rendered":"https:\/\/sunontop.com\/?p=3482"},"modified":"2023-03-23T21:00:46","modified_gmt":"2023-03-23T21:00:46","slug":"instal%c2%b7lacio-dautoconsum-fotovoltaica-de-395-kwp-a-cerdanyola","status":"publish","type":"post","link":"https:\/\/sunontop.com\/ca\/2023\/03\/23\/instal%c2%b7lacio-dautoconsum-fotovoltaica-de-395-kwp-a-cerdanyola\/","title":{"rendered":"Instal\u00b7laci\u00f3 d&#8217;autoconsum fotovoltaica de 3,95 kWp a Cerdanyola"},"content":{"rendered":"<p>PACI Global ha finalitzat recentment una nova instal\u00b7laci\u00f3 fotovoltaica per a autoconsum a la localitat de Cerdanyola, Espanya. La instal\u00b7laci\u00f3 compta amb una capacitat de generaci\u00f3 d&#8217;energia de 3,95 kWp i s&#8217;ha dut a terme amb panells Full Black i un inversor monof\u00e0sic Huawei, instal\u00b7lats de manera coplanar per garantir una est\u00e8tica elegant i discreta.<\/p>\n<p>&nbsp;<\/p>\n<p>L&#8217;energia generada per aquesta instal\u00b7laci\u00f3 fotovoltaica s&#8217;utilitzar\u00e0 principalment per a l&#8217;autoconsum a la llar del client, cosa que es traduir\u00e0 en una reducci\u00f3 significativa a la factura d&#8217;electricitat. A m\u00e9s, la instal\u00b7laci\u00f3 permet l\u00fas d\u00b4excedents d\u00b4energia.<\/p>\n<p>&nbsp;<\/p>\n<p>A PACI Global, estem compromesos a oferir solucions d&#8217;energia solar fotovoltaica als nostres clients amb l&#8217;objectiu d&#8217;ajudar-los a reduir la depend\u00e8ncia de la xarxa el\u00e8ctrica tradicional i contribuir a la cura del medi ambient. Les nostres solucions d&#8217;energia solar fotovoltaica s\u00f3n personalitzades i adaptades a les necessitats espec\u00edfiques de cada client, garantint sempre la m\u00e0xima efici\u00e8ncia i el rendiment de la instal\u00b7laci\u00f3.<\/p>\n<p>&nbsp;<\/p>\n<p><strong>#paciglobal #pacienginyers #sunontop #padilla308 #disenyfotovoltaic #dise\u00f1ofotovoltaico #estructuressolars #estructurassolares #financiaciosolar #financiacionsolar #Cerdanyola #fullblack #monofasic #monofasico #Huawei #panellssolars #panelessolares #Proencat2050 #ICAEN #IDAE #IRPF#projectes #proyectos #clients #clientes #solucions #soluciones #alteuservei #atuservicio #contactans #contactanos<\/strong><\/p>\n","protected":false},"excerpt":{"rendered":"<p>PACI Global ha finalitzat recentment una nova instal\u00b7laci\u00f3 fotovoltaica per a autoconsum a la localitat de Cerdanyola, Espanya. La instal\u00b7laci\u00f3 compta amb una capacitat de generaci\u00f3 d&#8217;energia de 3,95 kWp i s&#8217;ha dut a terme amb panells Full Black i un inversor monof\u00e0sic Huawei, instal\u00b7lats de manera coplanar per garantir una est\u00e8tica elegant i discreta.&hellip;<\/p>\n","protected":false},"author":1,"featured_media":3470,"comment_status":"open","ping_status":"open","sticky":false,"template":"","format":"standard","meta":{"footnotes":""},"categories":[54],"tags":[],"class_list":["post-3482","post","type-post","status-publish","format-standard","has-post-thumbnail","hentry","category-projectes","category-54","description-off"],"yoast_head":"<!-- This site is optimized with the Yoast SEO plugin v27.1.1 - https:\/\/yoast.com\/product\/yoast-seo-wordpress\/ -->\n<title>Instal\u00b7laci\u00f3 d&#039;autoconsum fotovoltaica de 3,95 kWp a Cerdanyola - SunOnTop<\/title>\n<meta name=\"robots\" content=\"index, follow, max-snippet:-1, max-image-preview:large, max-video-preview:-1\" \/>\n<link rel=\"canonical\" href=\"https:\/\/sunontop.com\/ca\/2023\/03\/23\/instal\u00b7lacio-dautoconsum-fotovoltaica-de-395-kwp-a-cerdanyola\/\" \/>\n<meta property=\"og:locale\" content=\"ca_ES\" \/>\n<meta property=\"og:type\" content=\"article\" \/>\n<meta property=\"og:title\" content=\"Instal\u00b7laci\u00f3 d&#039;autoconsum fotovoltaica de 3,95 kWp a Cerdanyola - SunOnTop\" \/>\n<meta property=\"og:description\" content=\"PACI Global ha finalitzat recentment una nova instal\u00b7laci\u00f3 fotovoltaica per a autoconsum a la localitat de Cerdanyola, Espanya. La instal\u00b7laci\u00f3 compta amb una capacitat de generaci\u00f3 d&#8217;energia de 3,95 kWp i s&#8217;ha dut a terme amb panells Full Black i un inversor monof\u00e0sic Huawei, instal\u00b7lats de manera coplanar per garantir una est\u00e8tica elegant i discreta.&hellip;\" \/>\n<meta property=\"og:url\" content=\"https:\/\/sunontop.com\/ca\/2023\/03\/23\/instal\u00b7lacio-dautoconsum-fotovoltaica-de-395-kwp-a-cerdanyola\/\" \/>\n<meta property=\"og:site_name\" content=\"SunOnTop\" \/>\n<meta property=\"article:publisher\" content=\"https:\/\/www.facebook.com\/paciglobal\" \/>\n<meta property=\"article:published_time\" content=\"2023-03-23T21:00:46+00:00\" \/>\n<meta property=\"og:image\" content=\"https:\/\/sunontop.com\/wp-content\/uploads\/2023\/03\/20223-03-23_Cerdanyola_.jpeg\" \/>\n\t<meta property=\"og:image:width\" content=\"827\" \/>\n\t<meta property=\"og:image:height\" content=\"827\" \/>\n\t<meta property=\"og:image:type\" content=\"image\/jpeg\" \/>\n<meta name=\"author\" content=\"SunOnTop\" \/>\n<meta name=\"twitter:card\" content=\"summary_large_image\" \/>\n<meta name=\"twitter:creator\" content=\"@PaciGlobal\" \/>\n<meta name=\"twitter:site\" content=\"@PaciGlobal\" \/>\n<meta name=\"twitter:label1\" content=\"Escrit per\" \/>\n\t<meta name=\"twitter:data1\" content=\"SunOnTop\" \/>\n\t<meta name=\"twitter:label2\" content=\"Temps estimat de lectura\" \/>\n\t<meta name=\"twitter:data2\" content=\"1 minut\" \/>\n<script type=\"application\/ld+json\" class=\"yoast-schema-graph\">{\"@context\":\"https:\/\/schema.org\",\"@graph\":[{\"@type\":\"Article\",\"@id\":\"https:\/\/sunontop.com\/ca\/2023\/03\/23\/instal%c2%b7lacio-dautoconsum-fotovoltaica-de-395-kwp-a-cerdanyola\/#article\",\"isPartOf\":{\"@id\":\"https:\/\/sunontop.com\/ca\/2023\/03\/23\/instal%c2%b7lacio-dautoconsum-fotovoltaica-de-395-kwp-a-cerdanyola\/\"},\"author\":{\"name\":\"SunOnTop\",\"@id\":\"https:\/\/sunontop.com\/#\/schema\/person\/cac73ac97f7967079821b0f37f4d7cba\"},\"headline\":\"Instal\u00b7laci\u00f3 d&#8217;autoconsum fotovoltaica de 3,95 kWp a Cerdanyola\",\"datePublished\":\"2023-03-23T21:00:46+00:00\",\"mainEntityOfPage\":{\"@id\":\"https:\/\/sunontop.com\/ca\/2023\/03\/23\/instal%c2%b7lacio-dautoconsum-fotovoltaica-de-395-kwp-a-cerdanyola\/\"},\"wordCount\":224,\"commentCount\":0,\"publisher\":{\"@id\":\"https:\/\/sunontop.com\/#organization\"},\"image\":{\"@id\":\"https:\/\/sunontop.com\/ca\/2023\/03\/23\/instal%c2%b7lacio-dautoconsum-fotovoltaica-de-395-kwp-a-cerdanyola\/#primaryimage\"},\"thumbnailUrl\":\"https:\/\/sunontop.com\/wp-content\/uploads\/2023\/03\/20223-03-23_Cerdanyola_.jpeg\",\"articleSection\":[\"Projectes\"],\"inLanguage\":\"ca\",\"potentialAction\":[{\"@type\":\"CommentAction\",\"name\":\"Comment\",\"target\":[\"https:\/\/sunontop.com\/ca\/2023\/03\/23\/instal%c2%b7lacio-dautoconsum-fotovoltaica-de-395-kwp-a-cerdanyola\/#respond\"]}]},{\"@type\":\"WebPage\",\"@id\":\"https:\/\/sunontop.com\/ca\/2023\/03\/23\/instal%c2%b7lacio-dautoconsum-fotovoltaica-de-395-kwp-a-cerdanyola\/\",\"url\":\"https:\/\/sunontop.com\/ca\/2023\/03\/23\/instal%c2%b7lacio-dautoconsum-fotovoltaica-de-395-kwp-a-cerdanyola\/\",\"name\":\"Instal\u00b7laci\u00f3 d'autoconsum fotovoltaica de 3,95 kWp a Cerdanyola - SunOnTop\",\"isPartOf\":{\"@id\":\"https:\/\/sunontop.com\/#website\"},\"primaryImageOfPage\":{\"@id\":\"https:\/\/sunontop.com\/ca\/2023\/03\/23\/instal%c2%b7lacio-dautoconsum-fotovoltaica-de-395-kwp-a-cerdanyola\/#primaryimage\"},\"image\":{\"@id\":\"https:\/\/sunontop.com\/ca\/2023\/03\/23\/instal%c2%b7lacio-dautoconsum-fotovoltaica-de-395-kwp-a-cerdanyola\/#primaryimage\"},\"thumbnailUrl\":\"https:\/\/sunontop.com\/wp-content\/uploads\/2023\/03\/20223-03-23_Cerdanyola_.jpeg\",\"datePublished\":\"2023-03-23T21:00:46+00:00\",\"breadcrumb\":{\"@id\":\"https:\/\/sunontop.com\/ca\/2023\/03\/23\/instal%c2%b7lacio-dautoconsum-fotovoltaica-de-395-kwp-a-cerdanyola\/#breadcrumb\"},\"inLanguage\":\"ca\",\"potentialAction\":[{\"@type\":\"ReadAction\",\"target\":[\"https:\/\/sunontop.com\/ca\/2023\/03\/23\/instal%c2%b7lacio-dautoconsum-fotovoltaica-de-395-kwp-a-cerdanyola\/\"]}]},{\"@type\":\"ImageObject\",\"inLanguage\":\"ca\",\"@id\":\"https:\/\/sunontop.com\/ca\/2023\/03\/23\/instal%c2%b7lacio-dautoconsum-fotovoltaica-de-395-kwp-a-cerdanyola\/#primaryimage\",\"url\":\"https:\/\/sunontop.com\/wp-content\/uploads\/2023\/03\/20223-03-23_Cerdanyola_.jpeg\",\"contentUrl\":\"https:\/\/sunontop.com\/wp-content\/uploads\/2023\/03\/20223-03-23_Cerdanyola_.jpeg\",\"width\":827,\"height\":827},{\"@type\":\"BreadcrumbList\",\"@id\":\"https:\/\/sunontop.com\/ca\/2023\/03\/23\/instal%c2%b7lacio-dautoconsum-fotovoltaica-de-395-kwp-a-cerdanyola\/#breadcrumb\",\"itemListElement\":[{\"@type\":\"ListItem\",\"position\":1,\"name\":\"Portada\",\"item\":\"https:\/\/sunontop.com\/ca\/\"},{\"@type\":\"ListItem\",\"position\":2,\"name\":\"Instal\u00b7laci\u00f3 d&#8217;autoconsum fotovoltaica de 3,95 kWp a Cerdanyola\"}]},{\"@type\":\"WebSite\",\"@id\":\"https:\/\/sunontop.com\/#website\",\"url\":\"https:\/\/sunontop.com\/\",\"name\":\"SunOnTop - Energ\u00eda solar fotovoltaica - Cargador veh\u00edculo el\u00e9ctrico\",\"description\":\"Dise\u00f1o e instalaci\u00f3n de plantas solares fotovoltaicas. Cargadores de veh\u00edculos el\u00e9ctricos\",\"publisher\":{\"@id\":\"https:\/\/sunontop.com\/#organization\"},\"alternateName\":\"SunOnTop\",\"potentialAction\":[{\"@type\":\"SearchAction\",\"target\":{\"@type\":\"EntryPoint\",\"urlTemplate\":\"https:\/\/sunontop.com\/?s={search_term_string}\"},\"query-input\":{\"@type\":\"PropertyValueSpecification\",\"valueRequired\":true,\"valueName\":\"search_term_string\"}}],\"inLanguage\":\"ca\"},{\"@type\":\"Organization\",\"@id\":\"https:\/\/sunontop.com\/#organization\",\"name\":\"SunOnTop - Energ\u00eda solar fotovoltaica - Cargador veh\u00edculo el\u00e9ctrico\",\"alternateName\":\"SunOnTop\",\"url\":\"https:\/\/sunontop.com\/\",\"logo\":{\"@type\":\"ImageObject\",\"inLanguage\":\"ca\",\"@id\":\"https:\/\/sunontop.com\/#\/schema\/logo\/image\/\",\"url\":\"https:\/\/sunontop.com\/wp-content\/uploads\/2022\/11\/logo.png\",\"contentUrl\":\"https:\/\/sunontop.com\/wp-content\/uploads\/2022\/11\/logo.png\",\"width\":175,\"height\":82,\"caption\":\"SunOnTop - Energ\u00eda solar fotovoltaica - Cargador veh\u00edculo el\u00e9ctrico\"},\"image\":{\"@id\":\"https:\/\/sunontop.com\/#\/schema\/logo\/image\/\"},\"sameAs\":[\"https:\/\/www.facebook.com\/paciglobal\",\"https:\/\/x.com\/PaciGlobal\",\"https:\/\/www.instagram.com\/paciglobal\/\",\"https:\/\/www.youtube.com\/user\/pacienginyers\",\"https:\/\/www.linkedin.com\/company\/paci-global\/\"]},{\"@type\":\"Person\",\"@id\":\"https:\/\/sunontop.com\/#\/schema\/person\/cac73ac97f7967079821b0f37f4d7cba\",\"name\":\"SunOnTop\",\"image\":{\"@type\":\"ImageObject\",\"inLanguage\":\"ca\",\"@id\":\"https:\/\/sunontop.com\/#\/schema\/person\/image\/\",\"url\":\"https:\/\/secure.gravatar.com\/avatar\/055a7cd1bd0a7c6f33838fad7eb807abe724e19d6b64854d099c8981352c5da4?s=96&d=mm&r=g\",\"contentUrl\":\"https:\/\/secure.gravatar.com\/avatar\/055a7cd1bd0a7c6f33838fad7eb807abe724e19d6b64854d099c8981352c5da4?s=96&d=mm&r=g\",\"caption\":\"SunOnTop\"},\"sameAs\":[\"http:\/\/sunontop.com\"],\"url\":\"https:\/\/sunontop.com\/ca\/author\/sunontop\/\"}]}<\/script>\n<!-- \/ Yoast SEO plugin. -->","yoast_head_json":{"title":"Instal\u00b7laci\u00f3 d'autoconsum fotovoltaica de 3,95 kWp a Cerdanyola - SunOnTop","robots":{"index":"index","follow":"follow","max-snippet":"max-snippet:-1","max-image-preview":"max-image-preview:large","max-video-preview":"max-video-preview:-1"},"canonical":"https:\/\/sunontop.com\/ca\/2023\/03\/23\/instal\u00b7lacio-dautoconsum-fotovoltaica-de-395-kwp-a-cerdanyola\/","og_locale":"ca_ES","og_type":"article","og_title":"Instal\u00b7laci\u00f3 d'autoconsum fotovoltaica de 3,95 kWp a Cerdanyola - SunOnTop","og_description":"PACI Global ha finalitzat recentment una nova instal\u00b7laci\u00f3 fotovoltaica per a autoconsum a la localitat de Cerdanyola, Espanya. La instal\u00b7laci\u00f3 compta amb una capacitat de generaci\u00f3 d&#8217;energia de 3,95 kWp i s&#8217;ha dut a terme amb panells Full Black i un inversor monof\u00e0sic Huawei, instal\u00b7lats de manera coplanar per garantir una est\u00e8tica elegant i discreta.&hellip;","og_url":"https:\/\/sunontop.com\/ca\/2023\/03\/23\/instal\u00b7lacio-dautoconsum-fotovoltaica-de-395-kwp-a-cerdanyola\/","og_site_name":"SunOnTop","article_publisher":"https:\/\/www.facebook.com\/paciglobal","article_published_time":"2023-03-23T21:00:46+00:00","og_image":[{"width":827,"height":827,"url":"https:\/\/sunontop.com\/wp-content\/uploads\/2023\/03\/20223-03-23_Cerdanyola_.jpeg","type":"image\/jpeg"}],"author":"SunOnTop","twitter_card":"summary_large_image","twitter_creator":"@PaciGlobal","twitter_site":"@PaciGlobal","twitter_misc":{"Escrit per":"SunOnTop","Temps estimat de lectura":"1 minut"},"schema":{"@context":"https:\/\/schema.org","@graph":[{"@type":"Article","@id":"https:\/\/sunontop.com\/ca\/2023\/03\/23\/instal%c2%b7lacio-dautoconsum-fotovoltaica-de-395-kwp-a-cerdanyola\/#article","isPartOf":{"@id":"https:\/\/sunontop.com\/ca\/2023\/03\/23\/instal%c2%b7lacio-dautoconsum-fotovoltaica-de-395-kwp-a-cerdanyola\/"},"author":{"name":"SunOnTop","@id":"https:\/\/sunontop.com\/#\/schema\/person\/cac73ac97f7967079821b0f37f4d7cba"},"headline":"Instal\u00b7laci\u00f3 d&#8217;autoconsum fotovoltaica de 3,95 kWp a Cerdanyola","datePublished":"2023-03-23T21:00:46+00:00","mainEntityOfPage":{"@id":"https:\/\/sunontop.com\/ca\/2023\/03\/23\/instal%c2%b7lacio-dautoconsum-fotovoltaica-de-395-kwp-a-cerdanyola\/"},"wordCount":224,"commentCount":0,"publisher":{"@id":"https:\/\/sunontop.com\/#organization"},"image":{"@id":"https:\/\/sunontop.com\/ca\/2023\/03\/23\/instal%c2%b7lacio-dautoconsum-fotovoltaica-de-395-kwp-a-cerdanyola\/#primaryimage"},"thumbnailUrl":"https:\/\/sunontop.com\/wp-content\/uploads\/2023\/03\/20223-03-23_Cerdanyola_.jpeg","articleSection":["Projectes"],"inLanguage":"ca","potentialAction":[{"@type":"CommentAction","name":"Comment","target":["https:\/\/sunontop.com\/ca\/2023\/03\/23\/instal%c2%b7lacio-dautoconsum-fotovoltaica-de-395-kwp-a-cerdanyola\/#respond"]}]},{"@type":"WebPage","@id":"https:\/\/sunontop.com\/ca\/2023\/03\/23\/instal%c2%b7lacio-dautoconsum-fotovoltaica-de-395-kwp-a-cerdanyola\/","url":"https:\/\/sunontop.com\/ca\/2023\/03\/23\/instal%c2%b7lacio-dautoconsum-fotovoltaica-de-395-kwp-a-cerdanyola\/","name":"Instal\u00b7laci\u00f3 d'autoconsum fotovoltaica de 3,95 kWp a Cerdanyola - SunOnTop","isPartOf":{"@id":"https:\/\/sunontop.com\/#website"},"primaryImageOfPage":{"@id":"https:\/\/sunontop.com\/ca\/2023\/03\/23\/instal%c2%b7lacio-dautoconsum-fotovoltaica-de-395-kwp-a-cerdanyola\/#primaryimage"},"image":{"@id":"https:\/\/sunontop.com\/ca\/2023\/03\/23\/instal%c2%b7lacio-dautoconsum-fotovoltaica-de-395-kwp-a-cerdanyola\/#primaryimage"},"thumbnailUrl":"https:\/\/sunontop.com\/wp-content\/uploads\/2023\/03\/20223-03-23_Cerdanyola_.jpeg","datePublished":"2023-03-23T21:00:46+00:00","breadcrumb":{"@id":"https:\/\/sunontop.com\/ca\/2023\/03\/23\/instal%c2%b7lacio-dautoconsum-fotovoltaica-de-395-kwp-a-cerdanyola\/#breadcrumb"},"inLanguage":"ca","potentialAction":[{"@type":"ReadAction","target":["https:\/\/sunontop.com\/ca\/2023\/03\/23\/instal%c2%b7lacio-dautoconsum-fotovoltaica-de-395-kwp-a-cerdanyola\/"]}]},{"@type":"ImageObject","inLanguage":"ca","@id":"https:\/\/sunontop.com\/ca\/2023\/03\/23\/instal%c2%b7lacio-dautoconsum-fotovoltaica-de-395-kwp-a-cerdanyola\/#primaryimage","url":"https:\/\/sunontop.com\/wp-content\/uploads\/2023\/03\/20223-03-23_Cerdanyola_.jpeg","contentUrl":"https:\/\/sunontop.com\/wp-content\/uploads\/2023\/03\/20223-03-23_Cerdanyola_.jpeg","width":827,"height":827},{"@type":"BreadcrumbList","@id":"https:\/\/sunontop.com\/ca\/2023\/03\/23\/instal%c2%b7lacio-dautoconsum-fotovoltaica-de-395-kwp-a-cerdanyola\/#breadcrumb","itemListElement":[{"@type":"ListItem","position":1,"name":"Portada","item":"https:\/\/sunontop.com\/ca\/"},{"@type":"ListItem","position":2,"name":"Instal\u00b7laci\u00f3 d&#8217;autoconsum fotovoltaica de 3,95 kWp a Cerdanyola"}]},{"@type":"WebSite","@id":"https:\/\/sunontop.com\/#website","url":"https:\/\/sunontop.com\/","name":"SunOnTop - Energ\u00eda solar fotovoltaica - Cargador veh\u00edculo el\u00e9ctrico","description":"Dise\u00f1o e instalaci\u00f3n de plantas solares fotovoltaicas. Cargadores de veh\u00edculos el\u00e9ctricos","publisher":{"@id":"https:\/\/sunontop.com\/#organization"},"alternateName":"SunOnTop","potentialAction":[{"@type":"SearchAction","target":{"@type":"EntryPoint","urlTemplate":"https:\/\/sunontop.com\/?s={search_term_string}"},"query-input":{"@type":"PropertyValueSpecification","valueRequired":true,"valueName":"search_term_string"}}],"inLanguage":"ca"},{"@type":"Organization","@id":"https:\/\/sunontop.com\/#organization","name":"SunOnTop - Energ\u00eda solar fotovoltaica - Cargador veh\u00edculo el\u00e9ctrico","alternateName":"SunOnTop","url":"https:\/\/sunontop.com\/","logo":{"@type":"ImageObject","inLanguage":"ca","@id":"https:\/\/sunontop.com\/#\/schema\/logo\/image\/","url":"https:\/\/sunontop.com\/wp-content\/uploads\/2022\/11\/logo.png","contentUrl":"https:\/\/sunontop.com\/wp-content\/uploads\/2022\/11\/logo.png","width":175,"height":82,"caption":"SunOnTop - Energ\u00eda solar fotovoltaica - Cargador veh\u00edculo el\u00e9ctrico"},"image":{"@id":"https:\/\/sunontop.com\/#\/schema\/logo\/image\/"},"sameAs":["https:\/\/www.facebook.com\/paciglobal","https:\/\/x.com\/PaciGlobal","https:\/\/www.instagram.com\/paciglobal\/","https:\/\/www.youtube.com\/user\/pacienginyers","https:\/\/www.linkedin.com\/company\/paci-global\/"]},{"@type":"Person","@id":"https:\/\/sunontop.com\/#\/schema\/person\/cac73ac97f7967079821b0f37f4d7cba","name":"SunOnTop","image":{"@type":"ImageObject","inLanguage":"ca","@id":"https:\/\/sunontop.com\/#\/schema\/person\/image\/","url":"https:\/\/secure.gravatar.com\/avatar\/055a7cd1bd0a7c6f33838fad7eb807abe724e19d6b64854d099c8981352c5da4?s=96&d=mm&r=g","contentUrl":"https:\/\/secure.gravatar.com\/avatar\/055a7cd1bd0a7c6f33838fad7eb807abe724e19d6b64854d099c8981352c5da4?s=96&d=mm&r=g","caption":"SunOnTop"},"sameAs":["http:\/\/sunontop.com"],"url":"https:\/\/sunontop.com\/ca\/author\/sunontop\/"}]}},"_links":{"self":[{"href":"https:\/\/sunontop.com\/ca\/wp-json\/wp\/v2\/posts\/3482","targetHints":{"allow":["GET"]}}],"collection":[{"href":"https:\/\/sunontop.com\/ca\/wp-json\/wp\/v2\/posts"}],"about":[{"href":"https:\/\/sunontop.com\/ca\/wp-json\/wp\/v2\/types\/post"}],"author":[{"embeddable":true,"href":"https:\/\/sunontop.com\/ca\/wp-json\/wp\/v2\/users\/1"}],"replies":[{"embeddable":true,"href":"https:\/\/sunontop.com\/ca\/wp-json\/wp\/v2\/comments?post=3482"}],"version-history":[{"count":1,"href":"https:\/\/sunontop.com\/ca\/wp-json\/wp\/v2\/posts\/3482\/revisions"}],"predecessor-version":[{"id":3483,"href":"https:\/\/sunontop.com\/ca\/wp-json\/wp\/v2\/posts\/3482\/revisions\/3483"}],"wp:featuredmedia":[{"embeddable":true,"href":"https:\/\/sunontop.com\/ca\/wp-json\/wp\/v2\/media\/3470"}],"wp:attachment":[{"href":"https:\/\/sunontop.com\/ca\/wp-json\/wp\/v2\/media?parent=3482"}],"wp:term":[{"taxonomy":"category","embeddable":true,"href":"https:\/\/sunontop.com\/ca\/wp-json\/wp\/v2\/categories?post=3482"},{"taxonomy":"post_tag","embeddable":true,"href":"https:\/\/sunontop.com\/ca\/wp-json\/wp\/v2\/tags?post=3482"}],"curies":[{"name":"wp","href":"https:\/\/api.w.org\/{rel}","templated":true}]}}