{"id":3493,"date":"2023-04-13T17:59:19","date_gmt":"2023-04-13T17:59:19","guid":{"rendered":"https:\/\/sunontop.com\/?p=3493"},"modified":"2023-05-15T19:52:02","modified_gmt":"2023-05-15T19:52:02","slug":"instal%c2%b7lacio-dautoconsum-fotovoltaica-de-395-kwp-a-cerdanyola-2","status":"publish","type":"post","link":"https:\/\/sunontop.com\/ca\/2023\/04\/13\/instal%c2%b7lacio-dautoconsum-fotovoltaica-de-395-kwp-a-cerdanyola-2\/","title":{"rendered":"Instal\u00b7laci\u00f3 d&#8217;autoconsum fotovoltaica de 3,95 kWp a Cerdanyola"},"content":{"rendered":"<p><span class=\"HwtZe\" lang=\"ca\"><span class=\"jCAhz ChMk0b\"><span class=\"ryNqvb\">La instal\u00b7laci\u00f3 d\u00b4una planta solar fotovoltaica de 3,56 kWp amb 5 kWh d\u00b4emmagatzematge amb bateries a Olot \u00e9s un gran exemple de com PACI Global est\u00e0 compromesa amb la transici\u00f3 energ\u00e8tica sostenible.<\/span><\/span> <span class=\"jCAhz ChMk0b\"><span class=\"ryNqvb\">Aquest projecte ha perm\u00e8s a una fam\u00edlia a Olot gaudir de la seva pr\u00f2pia energia solar, cosa que no nom\u00e9s contribueix a reduir la seva empremta de carboni, sin\u00f3 que tamb\u00e9 els permet estalviar en la factura d&#8217;electricitat a llarg termini.<\/span><\/span> <\/span><\/p>\n<p>&nbsp;<\/p>\n<p><span class=\"HwtZe\" lang=\"ca\"><span class=\"jCAhz ChMk0b\"><span class=\"ryNqvb\">A m\u00e9s, la instal\u00b7laci\u00f3 d\u00b4aquesta planta solar fotovoltaica ha demostrat que l\u00b4est\u00e8tica i la qualitat poden anar de la m\u00e0 amb la sostenibilitat.<\/span><\/span> <span class=\"jCAhz ChMk0b\"><span class=\"ryNqvb\">La instal\u00b7laci\u00f3 \u00e9s elegant i discreta, cosa que significa que no nom\u00e9s \u00e9s funcional, sin\u00f3 tamb\u00e9 agradable a la vista.<\/span><\/span> <\/span><\/p>\n<p>&nbsp;<\/p>\n<p><span class=\"HwtZe\" lang=\"ca\"><span class=\"jCAhz ChMk0b\"><span class=\"ryNqvb\">A PACI Global, seguim treballant en projectes i instal\u00b7lacions clau en m\u00e0 i manteniment que ens acostin cada cop m\u00e9s a una transici\u00f3 energ\u00e8tica sostenible i ajudin les nostres comunitats a reduir el seu impacte ambiental.<\/span><\/span> <\/span><\/p>\n<p>&nbsp;<\/p>\n<p><strong>#paciglobal #pacienginyers #sunontop #padilla308 #autoconsumo #autoconsumofotovoltaicoresidencial #autonomiasolar #autonomiaenergetica #ayudas #autoconsumosolar #ahorrodeenergia\u00a0#baterias #bateriassolares #calidaddevida #CNMC #consumoenerg\u00e9tico #conexi\u00f3nared #crecimientosolar #convocatoria #cocheselectricos #dise\u00f1ofotovoltaico #el\u00e9ctricos #electricistas #energiasrenovables #eficiencia #eficienciaenerg\u00e9tica #energiasolarfotovoltaica #energ\u00edasolar #energiarenovable #energ\u00eda #energiapositiva #eerr #electricidad #electricidadsolar #energysaving #energiasocial #energiacomunitaria #electriccars #electricmobility #emobility #estructurassolares #financiaci\u00f3nsolar #fotovoltaica #fotovoltaico #futuroenergetico #futurosolar #ingenieriasolar #instalaciones #instalacionessolares #inversionsolar #inversores #inversoressolares #instalacionessolaresfotovoltaicas #independenciaenergetica #instalaci\u00f3nsolarfotovoltaica #instalacionesaisladas #instalacionesdeconexi\u00f3nared #instaladores #MWh #m\u00f3dulossolares #microinversores #microenergia #microinstalaciones #normativasolar #normativasolarfotovoltaica #rehabilitaci\u00f3n #rehabilitaci\u00f3nenerg\u00e9tica #seguridadsolar #solar #sostenibilidad #sosteniblesenergeticamente #solarenergy #soportessolares #tarifaelectrica #viviendas #veh\u00edculosel\u00e9ctricos #offgrid #ongrid #panelessolares #placassolares #photovoltaic #emporda #girona #projectes #proyectos #clients #clientes #solucions #soluciones #alteuservei #atuservicio #contactans #contactanos<\/strong><\/p>\n","protected":false},"excerpt":{"rendered":"<p>La instal\u00b7laci\u00f3 d\u00b4una planta solar fotovoltaica de 3,56 kWp amb 5 kWh d\u00b4emmagatzematge amb bateries a Olot \u00e9s un gran exemple de com PACI Global est\u00e0 compromesa amb la transici\u00f3 energ\u00e8tica sostenible. Aquest projecte ha perm\u00e8s a una fam\u00edlia a Olot gaudir de la seva pr\u00f2pia energia solar, cosa que no nom\u00e9s contribueix a reduir&hellip;<\/p>\n","protected":false},"author":1,"featured_media":3490,"comment_status":"open","ping_status":"open","sticky":false,"template":"","format":"standard","meta":{"footnotes":""},"categories":[54],"tags":[],"class_list":["post-3493","post","type-post","status-publish","format-standard","has-post-thumbnail","hentry","category-projectes","category-54","description-off"],"yoast_head":"<!-- This site is optimized with the Yoast SEO plugin v27.1.1 - https:\/\/yoast.com\/product\/yoast-seo-wordpress\/ -->\n<title>Instal\u00b7laci\u00f3 d&#039;autoconsum fotovoltaica de 3,95 kWp a Cerdanyola - SunOnTop<\/title>\n<meta name=\"robots\" content=\"index, follow, max-snippet:-1, max-image-preview:large, max-video-preview:-1\" \/>\n<link rel=\"canonical\" href=\"https:\/\/sunontop.com\/ca\/2023\/04\/13\/instal\u00b7lacio-dautoconsum-fotovoltaica-de-395-kwp-a-cerdanyola-2\/\" \/>\n<meta property=\"og:locale\" content=\"ca_ES\" \/>\n<meta property=\"og:type\" content=\"article\" \/>\n<meta property=\"og:title\" content=\"Instal\u00b7laci\u00f3 d&#039;autoconsum fotovoltaica de 3,95 kWp a Cerdanyola - SunOnTop\" \/>\n<meta property=\"og:description\" content=\"La instal\u00b7laci\u00f3 d\u00b4una planta solar fotovoltaica de 3,56 kWp amb 5 kWh d\u00b4emmagatzematge amb bateries a Olot \u00e9s un gran exemple de com PACI Global est\u00e0 compromesa amb la transici\u00f3 energ\u00e8tica sostenible. Aquest projecte ha perm\u00e8s a una fam\u00edlia a Olot gaudir de la seva pr\u00f2pia energia solar, cosa que no nom\u00e9s contribueix a reduir&hellip;\" \/>\n<meta property=\"og:url\" content=\"https:\/\/sunontop.com\/ca\/2023\/04\/13\/instal\u00b7lacio-dautoconsum-fotovoltaica-de-395-kwp-a-cerdanyola-2\/\" \/>\n<meta property=\"og:site_name\" content=\"SunOnTop\" \/>\n<meta property=\"article:publisher\" content=\"https:\/\/www.facebook.com\/paciglobal\" \/>\n<meta property=\"article:published_time\" content=\"2023-04-13T17:59:19+00:00\" \/>\n<meta property=\"article:modified_time\" content=\"2023-05-15T19:52:02+00:00\" \/>\n<meta property=\"og:image\" content=\"https:\/\/sunontop.com\/wp-content\/uploads\/2023\/04\/2023-04-13_Img1.jpg\" \/>\n\t<meta property=\"og:image:width\" content=\"1536\" \/>\n\t<meta property=\"og:image:height\" content=\"1536\" \/>\n\t<meta property=\"og:image:type\" content=\"image\/jpeg\" \/>\n<meta name=\"author\" content=\"SunOnTop\" \/>\n<meta name=\"twitter:card\" content=\"summary_large_image\" \/>\n<meta name=\"twitter:creator\" content=\"@PaciGlobal\" \/>\n<meta name=\"twitter:site\" content=\"@PaciGlobal\" \/>\n<meta name=\"twitter:label1\" content=\"Escrit per\" \/>\n\t<meta name=\"twitter:data1\" content=\"SunOnTop\" \/>\n\t<meta name=\"twitter:label2\" content=\"Temps estimat de lectura\" \/>\n\t<meta name=\"twitter:data2\" content=\"2 minuts\" \/>\n<script type=\"application\/ld+json\" class=\"yoast-schema-graph\">{\"@context\":\"https:\/\/schema.org\",\"@graph\":[{\"@type\":\"Article\",\"@id\":\"https:\/\/sunontop.com\/ca\/2023\/04\/13\/instal%c2%b7lacio-dautoconsum-fotovoltaica-de-395-kwp-a-cerdanyola-2\/#article\",\"isPartOf\":{\"@id\":\"https:\/\/sunontop.com\/ca\/2023\/04\/13\/instal%c2%b7lacio-dautoconsum-fotovoltaica-de-395-kwp-a-cerdanyola-2\/\"},\"author\":{\"name\":\"SunOnTop\",\"@id\":\"https:\/\/sunontop.com\/#\/schema\/person\/cac73ac97f7967079821b0f37f4d7cba\"},\"headline\":\"Instal\u00b7laci\u00f3 d&#8217;autoconsum fotovoltaica de 3,95 kWp a Cerdanyola\",\"datePublished\":\"2023-04-13T17:59:19+00:00\",\"dateModified\":\"2023-05-15T19:52:02+00:00\",\"mainEntityOfPage\":{\"@id\":\"https:\/\/sunontop.com\/ca\/2023\/04\/13\/instal%c2%b7lacio-dautoconsum-fotovoltaica-de-395-kwp-a-cerdanyola-2\/\"},\"wordCount\":290,\"commentCount\":0,\"publisher\":{\"@id\":\"https:\/\/sunontop.com\/#organization\"},\"image\":{\"@id\":\"https:\/\/sunontop.com\/ca\/2023\/04\/13\/instal%c2%b7lacio-dautoconsum-fotovoltaica-de-395-kwp-a-cerdanyola-2\/#primaryimage\"},\"thumbnailUrl\":\"https:\/\/sunontop.com\/wp-content\/uploads\/2023\/04\/2023-04-13_Img1.jpg\",\"articleSection\":[\"Projectes\"],\"inLanguage\":\"ca\",\"potentialAction\":[{\"@type\":\"CommentAction\",\"name\":\"Comment\",\"target\":[\"https:\/\/sunontop.com\/ca\/2023\/04\/13\/instal%c2%b7lacio-dautoconsum-fotovoltaica-de-395-kwp-a-cerdanyola-2\/#respond\"]}]},{\"@type\":\"WebPage\",\"@id\":\"https:\/\/sunontop.com\/ca\/2023\/04\/13\/instal%c2%b7lacio-dautoconsum-fotovoltaica-de-395-kwp-a-cerdanyola-2\/\",\"url\":\"https:\/\/sunontop.com\/ca\/2023\/04\/13\/instal%c2%b7lacio-dautoconsum-fotovoltaica-de-395-kwp-a-cerdanyola-2\/\",\"name\":\"Instal\u00b7laci\u00f3 d'autoconsum fotovoltaica de 3,95 kWp a Cerdanyola - SunOnTop\",\"isPartOf\":{\"@id\":\"https:\/\/sunontop.com\/#website\"},\"primaryImageOfPage\":{\"@id\":\"https:\/\/sunontop.com\/ca\/2023\/04\/13\/instal%c2%b7lacio-dautoconsum-fotovoltaica-de-395-kwp-a-cerdanyola-2\/#primaryimage\"},\"image\":{\"@id\":\"https:\/\/sunontop.com\/ca\/2023\/04\/13\/instal%c2%b7lacio-dautoconsum-fotovoltaica-de-395-kwp-a-cerdanyola-2\/#primaryimage\"},\"thumbnailUrl\":\"https:\/\/sunontop.com\/wp-content\/uploads\/2023\/04\/2023-04-13_Img1.jpg\",\"datePublished\":\"2023-04-13T17:59:19+00:00\",\"dateModified\":\"2023-05-15T19:52:02+00:00\",\"breadcrumb\":{\"@id\":\"https:\/\/sunontop.com\/ca\/2023\/04\/13\/instal%c2%b7lacio-dautoconsum-fotovoltaica-de-395-kwp-a-cerdanyola-2\/#breadcrumb\"},\"inLanguage\":\"ca\",\"potentialAction\":[{\"@type\":\"ReadAction\",\"target\":[\"https:\/\/sunontop.com\/ca\/2023\/04\/13\/instal%c2%b7lacio-dautoconsum-fotovoltaica-de-395-kwp-a-cerdanyola-2\/\"]}]},{\"@type\":\"ImageObject\",\"inLanguage\":\"ca\",\"@id\":\"https:\/\/sunontop.com\/ca\/2023\/04\/13\/instal%c2%b7lacio-dautoconsum-fotovoltaica-de-395-kwp-a-cerdanyola-2\/#primaryimage\",\"url\":\"https:\/\/sunontop.com\/wp-content\/uploads\/2023\/04\/2023-04-13_Img1.jpg\",\"contentUrl\":\"https:\/\/sunontop.com\/wp-content\/uploads\/2023\/04\/2023-04-13_Img1.jpg\",\"width\":1536,\"height\":1536},{\"@type\":\"BreadcrumbList\",\"@id\":\"https:\/\/sunontop.com\/ca\/2023\/04\/13\/instal%c2%b7lacio-dautoconsum-fotovoltaica-de-395-kwp-a-cerdanyola-2\/#breadcrumb\",\"itemListElement\":[{\"@type\":\"ListItem\",\"position\":1,\"name\":\"Portada\",\"item\":\"https:\/\/sunontop.com\/ca\/\"},{\"@type\":\"ListItem\",\"position\":2,\"name\":\"Instal\u00b7laci\u00f3 d&#8217;autoconsum fotovoltaica de 3,95 kWp a Cerdanyola\"}]},{\"@type\":\"WebSite\",\"@id\":\"https:\/\/sunontop.com\/#website\",\"url\":\"https:\/\/sunontop.com\/\",\"name\":\"SunOnTop - Energ\u00eda solar fotovoltaica - Cargador veh\u00edculo el\u00e9ctrico\",\"description\":\"Dise\u00f1o e instalaci\u00f3n de plantas solares fotovoltaicas. Cargadores de veh\u00edculos el\u00e9ctricos\",\"publisher\":{\"@id\":\"https:\/\/sunontop.com\/#organization\"},\"alternateName\":\"SunOnTop\",\"potentialAction\":[{\"@type\":\"SearchAction\",\"target\":{\"@type\":\"EntryPoint\",\"urlTemplate\":\"https:\/\/sunontop.com\/?s={search_term_string}\"},\"query-input\":{\"@type\":\"PropertyValueSpecification\",\"valueRequired\":true,\"valueName\":\"search_term_string\"}}],\"inLanguage\":\"ca\"},{\"@type\":\"Organization\",\"@id\":\"https:\/\/sunontop.com\/#organization\",\"name\":\"SunOnTop - Energ\u00eda solar fotovoltaica - Cargador veh\u00edculo el\u00e9ctrico\",\"alternateName\":\"SunOnTop\",\"url\":\"https:\/\/sunontop.com\/\",\"logo\":{\"@type\":\"ImageObject\",\"inLanguage\":\"ca\",\"@id\":\"https:\/\/sunontop.com\/#\/schema\/logo\/image\/\",\"url\":\"https:\/\/sunontop.com\/wp-content\/uploads\/2022\/11\/logo.png\",\"contentUrl\":\"https:\/\/sunontop.com\/wp-content\/uploads\/2022\/11\/logo.png\",\"width\":175,\"height\":82,\"caption\":\"SunOnTop - Energ\u00eda solar fotovoltaica - Cargador veh\u00edculo el\u00e9ctrico\"},\"image\":{\"@id\":\"https:\/\/sunontop.com\/#\/schema\/logo\/image\/\"},\"sameAs\":[\"https:\/\/www.facebook.com\/paciglobal\",\"https:\/\/x.com\/PaciGlobal\",\"https:\/\/www.instagram.com\/paciglobal\/\",\"https:\/\/www.youtube.com\/user\/pacienginyers\",\"https:\/\/www.linkedin.com\/company\/paci-global\/\"]},{\"@type\":\"Person\",\"@id\":\"https:\/\/sunontop.com\/#\/schema\/person\/cac73ac97f7967079821b0f37f4d7cba\",\"name\":\"SunOnTop\",\"image\":{\"@type\":\"ImageObject\",\"inLanguage\":\"ca\",\"@id\":\"https:\/\/sunontop.com\/#\/schema\/person\/image\/\",\"url\":\"https:\/\/secure.gravatar.com\/avatar\/055a7cd1bd0a7c6f33838fad7eb807abe724e19d6b64854d099c8981352c5da4?s=96&d=mm&r=g\",\"contentUrl\":\"https:\/\/secure.gravatar.com\/avatar\/055a7cd1bd0a7c6f33838fad7eb807abe724e19d6b64854d099c8981352c5da4?s=96&d=mm&r=g\",\"caption\":\"SunOnTop\"},\"sameAs\":[\"http:\/\/sunontop.com\"],\"url\":\"https:\/\/sunontop.com\/ca\/author\/sunontop\/\"}]}<\/script>\n<!-- \/ Yoast SEO plugin. -->","yoast_head_json":{"title":"Instal\u00b7laci\u00f3 d'autoconsum fotovoltaica de 3,95 kWp a Cerdanyola - SunOnTop","robots":{"index":"index","follow":"follow","max-snippet":"max-snippet:-1","max-image-preview":"max-image-preview:large","max-video-preview":"max-video-preview:-1"},"canonical":"https:\/\/sunontop.com\/ca\/2023\/04\/13\/instal\u00b7lacio-dautoconsum-fotovoltaica-de-395-kwp-a-cerdanyola-2\/","og_locale":"ca_ES","og_type":"article","og_title":"Instal\u00b7laci\u00f3 d'autoconsum fotovoltaica de 3,95 kWp a Cerdanyola - SunOnTop","og_description":"La instal\u00b7laci\u00f3 d\u00b4una planta solar fotovoltaica de 3,56 kWp amb 5 kWh d\u00b4emmagatzematge amb bateries a Olot \u00e9s un gran exemple de com PACI Global est\u00e0 compromesa amb la transici\u00f3 energ\u00e8tica sostenible. Aquest projecte ha perm\u00e8s a una fam\u00edlia a Olot gaudir de la seva pr\u00f2pia energia solar, cosa que no nom\u00e9s contribueix a reduir&hellip;","og_url":"https:\/\/sunontop.com\/ca\/2023\/04\/13\/instal\u00b7lacio-dautoconsum-fotovoltaica-de-395-kwp-a-cerdanyola-2\/","og_site_name":"SunOnTop","article_publisher":"https:\/\/www.facebook.com\/paciglobal","article_published_time":"2023-04-13T17:59:19+00:00","article_modified_time":"2023-05-15T19:52:02+00:00","og_image":[{"width":1536,"height":1536,"url":"https:\/\/sunontop.com\/wp-content\/uploads\/2023\/04\/2023-04-13_Img1.jpg","type":"image\/jpeg"}],"author":"SunOnTop","twitter_card":"summary_large_image","twitter_creator":"@PaciGlobal","twitter_site":"@PaciGlobal","twitter_misc":{"Escrit per":"SunOnTop","Temps estimat de lectura":"2 minuts"},"schema":{"@context":"https:\/\/schema.org","@graph":[{"@type":"Article","@id":"https:\/\/sunontop.com\/ca\/2023\/04\/13\/instal%c2%b7lacio-dautoconsum-fotovoltaica-de-395-kwp-a-cerdanyola-2\/#article","isPartOf":{"@id":"https:\/\/sunontop.com\/ca\/2023\/04\/13\/instal%c2%b7lacio-dautoconsum-fotovoltaica-de-395-kwp-a-cerdanyola-2\/"},"author":{"name":"SunOnTop","@id":"https:\/\/sunontop.com\/#\/schema\/person\/cac73ac97f7967079821b0f37f4d7cba"},"headline":"Instal\u00b7laci\u00f3 d&#8217;autoconsum fotovoltaica de 3,95 kWp a Cerdanyola","datePublished":"2023-04-13T17:59:19+00:00","dateModified":"2023-05-15T19:52:02+00:00","mainEntityOfPage":{"@id":"https:\/\/sunontop.com\/ca\/2023\/04\/13\/instal%c2%b7lacio-dautoconsum-fotovoltaica-de-395-kwp-a-cerdanyola-2\/"},"wordCount":290,"commentCount":0,"publisher":{"@id":"https:\/\/sunontop.com\/#organization"},"image":{"@id":"https:\/\/sunontop.com\/ca\/2023\/04\/13\/instal%c2%b7lacio-dautoconsum-fotovoltaica-de-395-kwp-a-cerdanyola-2\/#primaryimage"},"thumbnailUrl":"https:\/\/sunontop.com\/wp-content\/uploads\/2023\/04\/2023-04-13_Img1.jpg","articleSection":["Projectes"],"inLanguage":"ca","potentialAction":[{"@type":"CommentAction","name":"Comment","target":["https:\/\/sunontop.com\/ca\/2023\/04\/13\/instal%c2%b7lacio-dautoconsum-fotovoltaica-de-395-kwp-a-cerdanyola-2\/#respond"]}]},{"@type":"WebPage","@id":"https:\/\/sunontop.com\/ca\/2023\/04\/13\/instal%c2%b7lacio-dautoconsum-fotovoltaica-de-395-kwp-a-cerdanyola-2\/","url":"https:\/\/sunontop.com\/ca\/2023\/04\/13\/instal%c2%b7lacio-dautoconsum-fotovoltaica-de-395-kwp-a-cerdanyola-2\/","name":"Instal\u00b7laci\u00f3 d'autoconsum fotovoltaica de 3,95 kWp a Cerdanyola - SunOnTop","isPartOf":{"@id":"https:\/\/sunontop.com\/#website"},"primaryImageOfPage":{"@id":"https:\/\/sunontop.com\/ca\/2023\/04\/13\/instal%c2%b7lacio-dautoconsum-fotovoltaica-de-395-kwp-a-cerdanyola-2\/#primaryimage"},"image":{"@id":"https:\/\/sunontop.com\/ca\/2023\/04\/13\/instal%c2%b7lacio-dautoconsum-fotovoltaica-de-395-kwp-a-cerdanyola-2\/#primaryimage"},"thumbnailUrl":"https:\/\/sunontop.com\/wp-content\/uploads\/2023\/04\/2023-04-13_Img1.jpg","datePublished":"2023-04-13T17:59:19+00:00","dateModified":"2023-05-15T19:52:02+00:00","breadcrumb":{"@id":"https:\/\/sunontop.com\/ca\/2023\/04\/13\/instal%c2%b7lacio-dautoconsum-fotovoltaica-de-395-kwp-a-cerdanyola-2\/#breadcrumb"},"inLanguage":"ca","potentialAction":[{"@type":"ReadAction","target":["https:\/\/sunontop.com\/ca\/2023\/04\/13\/instal%c2%b7lacio-dautoconsum-fotovoltaica-de-395-kwp-a-cerdanyola-2\/"]}]},{"@type":"ImageObject","inLanguage":"ca","@id":"https:\/\/sunontop.com\/ca\/2023\/04\/13\/instal%c2%b7lacio-dautoconsum-fotovoltaica-de-395-kwp-a-cerdanyola-2\/#primaryimage","url":"https:\/\/sunontop.com\/wp-content\/uploads\/2023\/04\/2023-04-13_Img1.jpg","contentUrl":"https:\/\/sunontop.com\/wp-content\/uploads\/2023\/04\/2023-04-13_Img1.jpg","width":1536,"height":1536},{"@type":"BreadcrumbList","@id":"https:\/\/sunontop.com\/ca\/2023\/04\/13\/instal%c2%b7lacio-dautoconsum-fotovoltaica-de-395-kwp-a-cerdanyola-2\/#breadcrumb","itemListElement":[{"@type":"ListItem","position":1,"name":"Portada","item":"https:\/\/sunontop.com\/ca\/"},{"@type":"ListItem","position":2,"name":"Instal\u00b7laci\u00f3 d&#8217;autoconsum fotovoltaica de 3,95 kWp a Cerdanyola"}]},{"@type":"WebSite","@id":"https:\/\/sunontop.com\/#website","url":"https:\/\/sunontop.com\/","name":"SunOnTop - Energ\u00eda solar fotovoltaica - Cargador veh\u00edculo el\u00e9ctrico","description":"Dise\u00f1o e instalaci\u00f3n de plantas solares fotovoltaicas. Cargadores de veh\u00edculos el\u00e9ctricos","publisher":{"@id":"https:\/\/sunontop.com\/#organization"},"alternateName":"SunOnTop","potentialAction":[{"@type":"SearchAction","target":{"@type":"EntryPoint","urlTemplate":"https:\/\/sunontop.com\/?s={search_term_string}"},"query-input":{"@type":"PropertyValueSpecification","valueRequired":true,"valueName":"search_term_string"}}],"inLanguage":"ca"},{"@type":"Organization","@id":"https:\/\/sunontop.com\/#organization","name":"SunOnTop - Energ\u00eda solar fotovoltaica - Cargador veh\u00edculo el\u00e9ctrico","alternateName":"SunOnTop","url":"https:\/\/sunontop.com\/","logo":{"@type":"ImageObject","inLanguage":"ca","@id":"https:\/\/sunontop.com\/#\/schema\/logo\/image\/","url":"https:\/\/sunontop.com\/wp-content\/uploads\/2022\/11\/logo.png","contentUrl":"https:\/\/sunontop.com\/wp-content\/uploads\/2022\/11\/logo.png","width":175,"height":82,"caption":"SunOnTop - Energ\u00eda solar fotovoltaica - Cargador veh\u00edculo el\u00e9ctrico"},"image":{"@id":"https:\/\/sunontop.com\/#\/schema\/logo\/image\/"},"sameAs":["https:\/\/www.facebook.com\/paciglobal","https:\/\/x.com\/PaciGlobal","https:\/\/www.instagram.com\/paciglobal\/","https:\/\/www.youtube.com\/user\/pacienginyers","https:\/\/www.linkedin.com\/company\/paci-global\/"]},{"@type":"Person","@id":"https:\/\/sunontop.com\/#\/schema\/person\/cac73ac97f7967079821b0f37f4d7cba","name":"SunOnTop","image":{"@type":"ImageObject","inLanguage":"ca","@id":"https:\/\/sunontop.com\/#\/schema\/person\/image\/","url":"https:\/\/secure.gravatar.com\/avatar\/055a7cd1bd0a7c6f33838fad7eb807abe724e19d6b64854d099c8981352c5da4?s=96&d=mm&r=g","contentUrl":"https:\/\/secure.gravatar.com\/avatar\/055a7cd1bd0a7c6f33838fad7eb807abe724e19d6b64854d099c8981352c5da4?s=96&d=mm&r=g","caption":"SunOnTop"},"sameAs":["http:\/\/sunontop.com"],"url":"https:\/\/sunontop.com\/ca\/author\/sunontop\/"}]}},"_links":{"self":[{"href":"https:\/\/sunontop.com\/ca\/wp-json\/wp\/v2\/posts\/3493","targetHints":{"allow":["GET"]}}],"collection":[{"href":"https:\/\/sunontop.com\/ca\/wp-json\/wp\/v2\/posts"}],"about":[{"href":"https:\/\/sunontop.com\/ca\/wp-json\/wp\/v2\/types\/post"}],"author":[{"embeddable":true,"href":"https:\/\/sunontop.com\/ca\/wp-json\/wp\/v2\/users\/1"}],"replies":[{"embeddable":true,"href":"https:\/\/sunontop.com\/ca\/wp-json\/wp\/v2\/comments?post=3493"}],"version-history":[{"count":2,"href":"https:\/\/sunontop.com\/ca\/wp-json\/wp\/v2\/posts\/3493\/revisions"}],"predecessor-version":[{"id":3530,"href":"https:\/\/sunontop.com\/ca\/wp-json\/wp\/v2\/posts\/3493\/revisions\/3530"}],"wp:featuredmedia":[{"embeddable":true,"href":"https:\/\/sunontop.com\/ca\/wp-json\/wp\/v2\/media\/3490"}],"wp:attachment":[{"href":"https:\/\/sunontop.com\/ca\/wp-json\/wp\/v2\/media?parent=3493"}],"wp:term":[{"taxonomy":"category","embeddable":true,"href":"https:\/\/sunontop.com\/ca\/wp-json\/wp\/v2\/categories?post=3493"},{"taxonomy":"post_tag","embeddable":true,"href":"https:\/\/sunontop.com\/ca\/wp-json\/wp\/v2\/tags?post=3493"}],"curies":[{"name":"wp","href":"https:\/\/api.w.org\/{rel}","templated":true}]}}