{"id":3537,"date":"2023-01-31T20:06:49","date_gmt":"2023-01-31T20:06:49","guid":{"rendered":"https:\/\/sunontop.com\/?p=3537"},"modified":"2023-05-15T20:08:00","modified_gmt":"2023-05-15T20:08:00","slug":"culminat-amb-exit-una-nova-instal%c2%b7lacio-fotovoltaica-per-a-autoconsum-a-alella-amb-panells-full-black-dalta-eficiencia-i-bateria-incorporada","status":"publish","type":"post","link":"https:\/\/sunontop.com\/ca\/2023\/01\/31\/culminat-amb-exit-una-nova-instal%c2%b7lacio-fotovoltaica-per-a-autoconsum-a-alella-amb-panells-full-black-dalta-eficiencia-i-bateria-incorporada\/","title":{"rendered":"Culminat amb \u00e8xit una nova instal\u00b7laci\u00f3 fotovoltaica per a autoconsum a Alella amb panells full black d&#8217;alta efici\u00e8ncia i bateria incorporada"},"content":{"rendered":"<p>PACI Global ha finalitzat recentment una impressionant instal\u00b7laci\u00f3 fotovoltaica per a autoconsum a Alella que compta amb una capacitat de 4,44 kWp i panells solars full black d&#8217;alta efici\u00e8ncia.<\/p>\n<p>La instal\u00b7laci\u00f3 de panells fotovoltaics full black \u00e9s un element clau en aquesta nova instal\u00b7laci\u00f3 d&#8217;autoconsum, ja que permeten una efici\u00e8ncia energ\u00e8tica m\u00e9s gran en absorbir la llum solar i convertir-la en energia el\u00e8ctrica de manera m\u00e9s efectiva. Els panells full black tenen una capacitat d&#8217;absorci\u00f3 m\u00e9s gran de la radiaci\u00f3 solar i un disseny m\u00e9s elegant i discret que s&#8217;integra perfectament amb l&#8217;entorn urb\u00e0.<\/p>\n<p>Aquesta nova instal\u00b7laci\u00f3 fotovoltaica per a autoconsum de PACI Global a Alella \u00e9s una mostra m\u00e9s del comprom\u00eds de l&#8217;empresa amb la sostenibilitat i el medi ambient. L&#8217;empresa ha demostrat una vegada m\u00e9s el seu lideratge en la transici\u00f3 cap a una economia m\u00e9s sostenible i la capacitat per desenvolupar solucions innovadores i personalitzades que satisfan les necessitats espec\u00edfiques de cada client.<\/p>\n<p>PACI Global est\u00e0 compromesa amb el desenvolupament de solucions eficients i rendibles a l&#8217;\u00e0mbit de l&#8217;energia, i est\u00e0 disposada a seguir liderant la transici\u00f3 cap a una economia m\u00e9s sostenible i respectuosa amb el medi ambient. L&#8217;empresa ha demostrat la seva capacitat per proporcionar solucions a mida i personalitzades als seus clients, fet que la converteix en un referent en el sector de l&#8217;energia renovable i eficient.<\/p>\n<p><strong>#paciglobal #pacienginyers #padilla308 #installacions #instal\u00b7lacions #fotovoltaica #autoconsum #autoconsum #Alella #panells #panells #fullblack #projectes #projectes #clients #clients #solucions #solucions #alteuservei #atuservicio #contactans #contactanos<\/strong><\/p>\n","protected":false},"excerpt":{"rendered":"<p>PACI Global ha finalitzat recentment una impressionant instal\u00b7laci\u00f3 fotovoltaica per a autoconsum a Alella que compta amb una capacitat de 4,44 kWp i panells solars full black d&#8217;alta efici\u00e8ncia. La instal\u00b7laci\u00f3 de panells fotovoltaics full black \u00e9s un element clau en aquesta nova instal\u00b7laci\u00f3 d&#8217;autoconsum, ja que permeten una efici\u00e8ncia energ\u00e8tica m\u00e9s gran en absorbir&hellip;<\/p>\n","protected":false},"author":1,"featured_media":3532,"comment_status":"open","ping_status":"open","sticky":false,"template":"","format":"standard","meta":{"footnotes":""},"categories":[1],"tags":[],"class_list":["post-3537","post","type-post","status-publish","format-standard","has-post-thumbnail","hentry","category-sin-categorizar","category-1","description-off"],"yoast_head":"<!-- This site is optimized with the Yoast SEO plugin v27.1.1 - https:\/\/yoast.com\/product\/yoast-seo-wordpress\/ -->\n<title>Culminat amb \u00e8xit una nova instal\u00b7laci\u00f3 fotovoltaica per a autoconsum a Alella amb panells full black d&#039;alta efici\u00e8ncia i bateria incorporada - SunOnTop<\/title>\n<meta name=\"robots\" content=\"index, follow, max-snippet:-1, max-image-preview:large, max-video-preview:-1\" \/>\n<link rel=\"canonical\" href=\"https:\/\/sunontop.com\/ca\/2023\/01\/31\/culminat-amb-exit-una-nova-instal\u00b7lacio-fotovoltaica-per-a-autoconsum-a-alella-amb-panells-full-black-dalta-eficiencia-i-bateria-incorporada\/\" \/>\n<meta property=\"og:locale\" content=\"ca_ES\" \/>\n<meta property=\"og:type\" content=\"article\" \/>\n<meta property=\"og:title\" content=\"Culminat amb \u00e8xit una nova instal\u00b7laci\u00f3 fotovoltaica per a autoconsum a Alella amb panells full black d&#039;alta efici\u00e8ncia i bateria incorporada - SunOnTop\" \/>\n<meta property=\"og:description\" content=\"PACI Global ha finalitzat recentment una impressionant instal\u00b7laci\u00f3 fotovoltaica per a autoconsum a Alella que compta amb una capacitat de 4,44 kWp i panells solars full black d&#8217;alta efici\u00e8ncia. La instal\u00b7laci\u00f3 de panells fotovoltaics full black \u00e9s un element clau en aquesta nova instal\u00b7laci\u00f3 d&#8217;autoconsum, ja que permeten una efici\u00e8ncia energ\u00e8tica m\u00e9s gran en absorbir&hellip;\" \/>\n<meta property=\"og:url\" content=\"https:\/\/sunontop.com\/ca\/2023\/01\/31\/culminat-amb-exit-una-nova-instal\u00b7lacio-fotovoltaica-per-a-autoconsum-a-alella-amb-panells-full-black-dalta-eficiencia-i-bateria-incorporada\/\" \/>\n<meta property=\"og:site_name\" content=\"SunOnTop\" \/>\n<meta property=\"article:publisher\" content=\"https:\/\/www.facebook.com\/paciglobal\" \/>\n<meta property=\"article:published_time\" content=\"2023-01-31T20:06:49+00:00\" \/>\n<meta property=\"article:modified_time\" content=\"2023-05-15T20:08:00+00:00\" \/>\n<meta property=\"og:image\" content=\"https:\/\/sunontop.com\/wp-content\/uploads\/2023\/05\/50e31556-b449-46b0-8bc3-cd26ecd00aaf.jpg\" \/>\n\t<meta property=\"og:image:width\" content=\"900\" \/>\n\t<meta property=\"og:image:height\" content=\"900\" \/>\n\t<meta property=\"og:image:type\" content=\"image\/jpeg\" \/>\n<meta name=\"author\" content=\"SunOnTop\" \/>\n<meta name=\"twitter:card\" content=\"summary_large_image\" \/>\n<meta name=\"twitter:creator\" content=\"@PaciGlobal\" \/>\n<meta name=\"twitter:site\" content=\"@PaciGlobal\" \/>\n<meta name=\"twitter:label1\" content=\"Escrit per\" \/>\n\t<meta name=\"twitter:data1\" content=\"SunOnTop\" \/>\n\t<meta name=\"twitter:label2\" content=\"Temps estimat de lectura\" \/>\n\t<meta name=\"twitter:data2\" content=\"2 minuts\" \/>\n<script type=\"application\/ld+json\" class=\"yoast-schema-graph\">{\"@context\":\"https:\/\/schema.org\",\"@graph\":[{\"@type\":\"Article\",\"@id\":\"https:\/\/sunontop.com\/ca\/2023\/01\/31\/culminat-amb-exit-una-nova-instal%c2%b7lacio-fotovoltaica-per-a-autoconsum-a-alella-amb-panells-full-black-dalta-eficiencia-i-bateria-incorporada\/#article\",\"isPartOf\":{\"@id\":\"https:\/\/sunontop.com\/ca\/2023\/01\/31\/culminat-amb-exit-una-nova-instal%c2%b7lacio-fotovoltaica-per-a-autoconsum-a-alella-amb-panells-full-black-dalta-eficiencia-i-bateria-incorporada\/\"},\"author\":{\"name\":\"SunOnTop\",\"@id\":\"https:\/\/sunontop.com\/#\/schema\/person\/cac73ac97f7967079821b0f37f4d7cba\"},\"headline\":\"Culminat amb \u00e8xit una nova instal\u00b7laci\u00f3 fotovoltaica per a autoconsum a Alella amb panells full black d&#8217;alta efici\u00e8ncia i bateria incorporada\",\"datePublished\":\"2023-01-31T20:06:49+00:00\",\"dateModified\":\"2023-05-15T20:08:00+00:00\",\"mainEntityOfPage\":{\"@id\":\"https:\/\/sunontop.com\/ca\/2023\/01\/31\/culminat-amb-exit-una-nova-instal%c2%b7lacio-fotovoltaica-per-a-autoconsum-a-alella-amb-panells-full-black-dalta-eficiencia-i-bateria-incorporada\/\"},\"wordCount\":298,\"commentCount\":0,\"publisher\":{\"@id\":\"https:\/\/sunontop.com\/#organization\"},\"image\":{\"@id\":\"https:\/\/sunontop.com\/ca\/2023\/01\/31\/culminat-amb-exit-una-nova-instal%c2%b7lacio-fotovoltaica-per-a-autoconsum-a-alella-amb-panells-full-black-dalta-eficiencia-i-bateria-incorporada\/#primaryimage\"},\"thumbnailUrl\":\"https:\/\/sunontop.com\/wp-content\/uploads\/2023\/05\/50e31556-b449-46b0-8bc3-cd26ecd00aaf.jpg\",\"articleSection\":[\"Sin categorizar\"],\"inLanguage\":\"ca\",\"potentialAction\":[{\"@type\":\"CommentAction\",\"name\":\"Comment\",\"target\":[\"https:\/\/sunontop.com\/ca\/2023\/01\/31\/culminat-amb-exit-una-nova-instal%c2%b7lacio-fotovoltaica-per-a-autoconsum-a-alella-amb-panells-full-black-dalta-eficiencia-i-bateria-incorporada\/#respond\"]}]},{\"@type\":\"WebPage\",\"@id\":\"https:\/\/sunontop.com\/ca\/2023\/01\/31\/culminat-amb-exit-una-nova-instal%c2%b7lacio-fotovoltaica-per-a-autoconsum-a-alella-amb-panells-full-black-dalta-eficiencia-i-bateria-incorporada\/\",\"url\":\"https:\/\/sunontop.com\/ca\/2023\/01\/31\/culminat-amb-exit-una-nova-instal%c2%b7lacio-fotovoltaica-per-a-autoconsum-a-alella-amb-panells-full-black-dalta-eficiencia-i-bateria-incorporada\/\",\"name\":\"Culminat amb \u00e8xit una nova instal\u00b7laci\u00f3 fotovoltaica per a autoconsum a Alella amb panells full black d'alta efici\u00e8ncia i bateria incorporada - SunOnTop\",\"isPartOf\":{\"@id\":\"https:\/\/sunontop.com\/#website\"},\"primaryImageOfPage\":{\"@id\":\"https:\/\/sunontop.com\/ca\/2023\/01\/31\/culminat-amb-exit-una-nova-instal%c2%b7lacio-fotovoltaica-per-a-autoconsum-a-alella-amb-panells-full-black-dalta-eficiencia-i-bateria-incorporada\/#primaryimage\"},\"image\":{\"@id\":\"https:\/\/sunontop.com\/ca\/2023\/01\/31\/culminat-amb-exit-una-nova-instal%c2%b7lacio-fotovoltaica-per-a-autoconsum-a-alella-amb-panells-full-black-dalta-eficiencia-i-bateria-incorporada\/#primaryimage\"},\"thumbnailUrl\":\"https:\/\/sunontop.com\/wp-content\/uploads\/2023\/05\/50e31556-b449-46b0-8bc3-cd26ecd00aaf.jpg\",\"datePublished\":\"2023-01-31T20:06:49+00:00\",\"dateModified\":\"2023-05-15T20:08:00+00:00\",\"breadcrumb\":{\"@id\":\"https:\/\/sunontop.com\/ca\/2023\/01\/31\/culminat-amb-exit-una-nova-instal%c2%b7lacio-fotovoltaica-per-a-autoconsum-a-alella-amb-panells-full-black-dalta-eficiencia-i-bateria-incorporada\/#breadcrumb\"},\"inLanguage\":\"ca\",\"potentialAction\":[{\"@type\":\"ReadAction\",\"target\":[\"https:\/\/sunontop.com\/ca\/2023\/01\/31\/culminat-amb-exit-una-nova-instal%c2%b7lacio-fotovoltaica-per-a-autoconsum-a-alella-amb-panells-full-black-dalta-eficiencia-i-bateria-incorporada\/\"]}]},{\"@type\":\"ImageObject\",\"inLanguage\":\"ca\",\"@id\":\"https:\/\/sunontop.com\/ca\/2023\/01\/31\/culminat-amb-exit-una-nova-instal%c2%b7lacio-fotovoltaica-per-a-autoconsum-a-alella-amb-panells-full-black-dalta-eficiencia-i-bateria-incorporada\/#primaryimage\",\"url\":\"https:\/\/sunontop.com\/wp-content\/uploads\/2023\/05\/50e31556-b449-46b0-8bc3-cd26ecd00aaf.jpg\",\"contentUrl\":\"https:\/\/sunontop.com\/wp-content\/uploads\/2023\/05\/50e31556-b449-46b0-8bc3-cd26ecd00aaf.jpg\",\"width\":900,\"height\":900},{\"@type\":\"BreadcrumbList\",\"@id\":\"https:\/\/sunontop.com\/ca\/2023\/01\/31\/culminat-amb-exit-una-nova-instal%c2%b7lacio-fotovoltaica-per-a-autoconsum-a-alella-amb-panells-full-black-dalta-eficiencia-i-bateria-incorporada\/#breadcrumb\",\"itemListElement\":[{\"@type\":\"ListItem\",\"position\":1,\"name\":\"Portada\",\"item\":\"https:\/\/sunontop.com\/ca\/\"},{\"@type\":\"ListItem\",\"position\":2,\"name\":\"Culminat amb \u00e8xit una nova instal\u00b7laci\u00f3 fotovoltaica per a autoconsum a Alella amb panells full black d&#8217;alta efici\u00e8ncia i bateria incorporada\"}]},{\"@type\":\"WebSite\",\"@id\":\"https:\/\/sunontop.com\/#website\",\"url\":\"https:\/\/sunontop.com\/\",\"name\":\"SunOnTop - Energ\u00eda solar fotovoltaica - Cargador veh\u00edculo el\u00e9ctrico\",\"description\":\"Dise\u00f1o e instalaci\u00f3n de plantas solares fotovoltaicas. Cargadores de veh\u00edculos el\u00e9ctricos\",\"publisher\":{\"@id\":\"https:\/\/sunontop.com\/#organization\"},\"alternateName\":\"SunOnTop\",\"potentialAction\":[{\"@type\":\"SearchAction\",\"target\":{\"@type\":\"EntryPoint\",\"urlTemplate\":\"https:\/\/sunontop.com\/?s={search_term_string}\"},\"query-input\":{\"@type\":\"PropertyValueSpecification\",\"valueRequired\":true,\"valueName\":\"search_term_string\"}}],\"inLanguage\":\"ca\"},{\"@type\":\"Organization\",\"@id\":\"https:\/\/sunontop.com\/#organization\",\"name\":\"SunOnTop - Energ\u00eda solar fotovoltaica - Cargador veh\u00edculo el\u00e9ctrico\",\"alternateName\":\"SunOnTop\",\"url\":\"https:\/\/sunontop.com\/\",\"logo\":{\"@type\":\"ImageObject\",\"inLanguage\":\"ca\",\"@id\":\"https:\/\/sunontop.com\/#\/schema\/logo\/image\/\",\"url\":\"https:\/\/sunontop.com\/wp-content\/uploads\/2022\/11\/logo.png\",\"contentUrl\":\"https:\/\/sunontop.com\/wp-content\/uploads\/2022\/11\/logo.png\",\"width\":175,\"height\":82,\"caption\":\"SunOnTop - Energ\u00eda solar fotovoltaica - Cargador veh\u00edculo el\u00e9ctrico\"},\"image\":{\"@id\":\"https:\/\/sunontop.com\/#\/schema\/logo\/image\/\"},\"sameAs\":[\"https:\/\/www.facebook.com\/paciglobal\",\"https:\/\/x.com\/PaciGlobal\",\"https:\/\/www.instagram.com\/paciglobal\/\",\"https:\/\/www.youtube.com\/user\/pacienginyers\",\"https:\/\/www.linkedin.com\/company\/paci-global\/\"]},{\"@type\":\"Person\",\"@id\":\"https:\/\/sunontop.com\/#\/schema\/person\/cac73ac97f7967079821b0f37f4d7cba\",\"name\":\"SunOnTop\",\"image\":{\"@type\":\"ImageObject\",\"inLanguage\":\"ca\",\"@id\":\"https:\/\/sunontop.com\/#\/schema\/person\/image\/\",\"url\":\"https:\/\/secure.gravatar.com\/avatar\/055a7cd1bd0a7c6f33838fad7eb807abe724e19d6b64854d099c8981352c5da4?s=96&d=mm&r=g\",\"contentUrl\":\"https:\/\/secure.gravatar.com\/avatar\/055a7cd1bd0a7c6f33838fad7eb807abe724e19d6b64854d099c8981352c5da4?s=96&d=mm&r=g\",\"caption\":\"SunOnTop\"},\"sameAs\":[\"http:\/\/sunontop.com\"],\"url\":\"https:\/\/sunontop.com\/ca\/author\/sunontop\/\"}]}<\/script>\n<!-- \/ Yoast SEO plugin. -->","yoast_head_json":{"title":"Culminat amb \u00e8xit una nova instal\u00b7laci\u00f3 fotovoltaica per a autoconsum a Alella amb panells full black d'alta efici\u00e8ncia i bateria incorporada - SunOnTop","robots":{"index":"index","follow":"follow","max-snippet":"max-snippet:-1","max-image-preview":"max-image-preview:large","max-video-preview":"max-video-preview:-1"},"canonical":"https:\/\/sunontop.com\/ca\/2023\/01\/31\/culminat-amb-exit-una-nova-instal\u00b7lacio-fotovoltaica-per-a-autoconsum-a-alella-amb-panells-full-black-dalta-eficiencia-i-bateria-incorporada\/","og_locale":"ca_ES","og_type":"article","og_title":"Culminat amb \u00e8xit una nova instal\u00b7laci\u00f3 fotovoltaica per a autoconsum a Alella amb panells full black d'alta efici\u00e8ncia i bateria incorporada - SunOnTop","og_description":"PACI Global ha finalitzat recentment una impressionant instal\u00b7laci\u00f3 fotovoltaica per a autoconsum a Alella que compta amb una capacitat de 4,44 kWp i panells solars full black d&#8217;alta efici\u00e8ncia. La instal\u00b7laci\u00f3 de panells fotovoltaics full black \u00e9s un element clau en aquesta nova instal\u00b7laci\u00f3 d&#8217;autoconsum, ja que permeten una efici\u00e8ncia energ\u00e8tica m\u00e9s gran en absorbir&hellip;","og_url":"https:\/\/sunontop.com\/ca\/2023\/01\/31\/culminat-amb-exit-una-nova-instal\u00b7lacio-fotovoltaica-per-a-autoconsum-a-alella-amb-panells-full-black-dalta-eficiencia-i-bateria-incorporada\/","og_site_name":"SunOnTop","article_publisher":"https:\/\/www.facebook.com\/paciglobal","article_published_time":"2023-01-31T20:06:49+00:00","article_modified_time":"2023-05-15T20:08:00+00:00","og_image":[{"width":900,"height":900,"url":"https:\/\/sunontop.com\/wp-content\/uploads\/2023\/05\/50e31556-b449-46b0-8bc3-cd26ecd00aaf.jpg","type":"image\/jpeg"}],"author":"SunOnTop","twitter_card":"summary_large_image","twitter_creator":"@PaciGlobal","twitter_site":"@PaciGlobal","twitter_misc":{"Escrit per":"SunOnTop","Temps estimat de lectura":"2 minuts"},"schema":{"@context":"https:\/\/schema.org","@graph":[{"@type":"Article","@id":"https:\/\/sunontop.com\/ca\/2023\/01\/31\/culminat-amb-exit-una-nova-instal%c2%b7lacio-fotovoltaica-per-a-autoconsum-a-alella-amb-panells-full-black-dalta-eficiencia-i-bateria-incorporada\/#article","isPartOf":{"@id":"https:\/\/sunontop.com\/ca\/2023\/01\/31\/culminat-amb-exit-una-nova-instal%c2%b7lacio-fotovoltaica-per-a-autoconsum-a-alella-amb-panells-full-black-dalta-eficiencia-i-bateria-incorporada\/"},"author":{"name":"SunOnTop","@id":"https:\/\/sunontop.com\/#\/schema\/person\/cac73ac97f7967079821b0f37f4d7cba"},"headline":"Culminat amb \u00e8xit una nova instal\u00b7laci\u00f3 fotovoltaica per a autoconsum a Alella amb panells full black d&#8217;alta efici\u00e8ncia i bateria incorporada","datePublished":"2023-01-31T20:06:49+00:00","dateModified":"2023-05-15T20:08:00+00:00","mainEntityOfPage":{"@id":"https:\/\/sunontop.com\/ca\/2023\/01\/31\/culminat-amb-exit-una-nova-instal%c2%b7lacio-fotovoltaica-per-a-autoconsum-a-alella-amb-panells-full-black-dalta-eficiencia-i-bateria-incorporada\/"},"wordCount":298,"commentCount":0,"publisher":{"@id":"https:\/\/sunontop.com\/#organization"},"image":{"@id":"https:\/\/sunontop.com\/ca\/2023\/01\/31\/culminat-amb-exit-una-nova-instal%c2%b7lacio-fotovoltaica-per-a-autoconsum-a-alella-amb-panells-full-black-dalta-eficiencia-i-bateria-incorporada\/#primaryimage"},"thumbnailUrl":"https:\/\/sunontop.com\/wp-content\/uploads\/2023\/05\/50e31556-b449-46b0-8bc3-cd26ecd00aaf.jpg","articleSection":["Sin categorizar"],"inLanguage":"ca","potentialAction":[{"@type":"CommentAction","name":"Comment","target":["https:\/\/sunontop.com\/ca\/2023\/01\/31\/culminat-amb-exit-una-nova-instal%c2%b7lacio-fotovoltaica-per-a-autoconsum-a-alella-amb-panells-full-black-dalta-eficiencia-i-bateria-incorporada\/#respond"]}]},{"@type":"WebPage","@id":"https:\/\/sunontop.com\/ca\/2023\/01\/31\/culminat-amb-exit-una-nova-instal%c2%b7lacio-fotovoltaica-per-a-autoconsum-a-alella-amb-panells-full-black-dalta-eficiencia-i-bateria-incorporada\/","url":"https:\/\/sunontop.com\/ca\/2023\/01\/31\/culminat-amb-exit-una-nova-instal%c2%b7lacio-fotovoltaica-per-a-autoconsum-a-alella-amb-panells-full-black-dalta-eficiencia-i-bateria-incorporada\/","name":"Culminat amb \u00e8xit una nova instal\u00b7laci\u00f3 fotovoltaica per a autoconsum a Alella amb panells full black d'alta efici\u00e8ncia i bateria incorporada - SunOnTop","isPartOf":{"@id":"https:\/\/sunontop.com\/#website"},"primaryImageOfPage":{"@id":"https:\/\/sunontop.com\/ca\/2023\/01\/31\/culminat-amb-exit-una-nova-instal%c2%b7lacio-fotovoltaica-per-a-autoconsum-a-alella-amb-panells-full-black-dalta-eficiencia-i-bateria-incorporada\/#primaryimage"},"image":{"@id":"https:\/\/sunontop.com\/ca\/2023\/01\/31\/culminat-amb-exit-una-nova-instal%c2%b7lacio-fotovoltaica-per-a-autoconsum-a-alella-amb-panells-full-black-dalta-eficiencia-i-bateria-incorporada\/#primaryimage"},"thumbnailUrl":"https:\/\/sunontop.com\/wp-content\/uploads\/2023\/05\/50e31556-b449-46b0-8bc3-cd26ecd00aaf.jpg","datePublished":"2023-01-31T20:06:49+00:00","dateModified":"2023-05-15T20:08:00+00:00","breadcrumb":{"@id":"https:\/\/sunontop.com\/ca\/2023\/01\/31\/culminat-amb-exit-una-nova-instal%c2%b7lacio-fotovoltaica-per-a-autoconsum-a-alella-amb-panells-full-black-dalta-eficiencia-i-bateria-incorporada\/#breadcrumb"},"inLanguage":"ca","potentialAction":[{"@type":"ReadAction","target":["https:\/\/sunontop.com\/ca\/2023\/01\/31\/culminat-amb-exit-una-nova-instal%c2%b7lacio-fotovoltaica-per-a-autoconsum-a-alella-amb-panells-full-black-dalta-eficiencia-i-bateria-incorporada\/"]}]},{"@type":"ImageObject","inLanguage":"ca","@id":"https:\/\/sunontop.com\/ca\/2023\/01\/31\/culminat-amb-exit-una-nova-instal%c2%b7lacio-fotovoltaica-per-a-autoconsum-a-alella-amb-panells-full-black-dalta-eficiencia-i-bateria-incorporada\/#primaryimage","url":"https:\/\/sunontop.com\/wp-content\/uploads\/2023\/05\/50e31556-b449-46b0-8bc3-cd26ecd00aaf.jpg","contentUrl":"https:\/\/sunontop.com\/wp-content\/uploads\/2023\/05\/50e31556-b449-46b0-8bc3-cd26ecd00aaf.jpg","width":900,"height":900},{"@type":"BreadcrumbList","@id":"https:\/\/sunontop.com\/ca\/2023\/01\/31\/culminat-amb-exit-una-nova-instal%c2%b7lacio-fotovoltaica-per-a-autoconsum-a-alella-amb-panells-full-black-dalta-eficiencia-i-bateria-incorporada\/#breadcrumb","itemListElement":[{"@type":"ListItem","position":1,"name":"Portada","item":"https:\/\/sunontop.com\/ca\/"},{"@type":"ListItem","position":2,"name":"Culminat amb \u00e8xit una nova instal\u00b7laci\u00f3 fotovoltaica per a autoconsum a Alella amb panells full black d&#8217;alta efici\u00e8ncia i bateria incorporada"}]},{"@type":"WebSite","@id":"https:\/\/sunontop.com\/#website","url":"https:\/\/sunontop.com\/","name":"SunOnTop - Energ\u00eda solar fotovoltaica - Cargador veh\u00edculo el\u00e9ctrico","description":"Dise\u00f1o e instalaci\u00f3n de plantas solares fotovoltaicas. Cargadores de veh\u00edculos el\u00e9ctricos","publisher":{"@id":"https:\/\/sunontop.com\/#organization"},"alternateName":"SunOnTop","potentialAction":[{"@type":"SearchAction","target":{"@type":"EntryPoint","urlTemplate":"https:\/\/sunontop.com\/?s={search_term_string}"},"query-input":{"@type":"PropertyValueSpecification","valueRequired":true,"valueName":"search_term_string"}}],"inLanguage":"ca"},{"@type":"Organization","@id":"https:\/\/sunontop.com\/#organization","name":"SunOnTop - Energ\u00eda solar fotovoltaica - Cargador veh\u00edculo el\u00e9ctrico","alternateName":"SunOnTop","url":"https:\/\/sunontop.com\/","logo":{"@type":"ImageObject","inLanguage":"ca","@id":"https:\/\/sunontop.com\/#\/schema\/logo\/image\/","url":"https:\/\/sunontop.com\/wp-content\/uploads\/2022\/11\/logo.png","contentUrl":"https:\/\/sunontop.com\/wp-content\/uploads\/2022\/11\/logo.png","width":175,"height":82,"caption":"SunOnTop - Energ\u00eda solar fotovoltaica - Cargador veh\u00edculo el\u00e9ctrico"},"image":{"@id":"https:\/\/sunontop.com\/#\/schema\/logo\/image\/"},"sameAs":["https:\/\/www.facebook.com\/paciglobal","https:\/\/x.com\/PaciGlobal","https:\/\/www.instagram.com\/paciglobal\/","https:\/\/www.youtube.com\/user\/pacienginyers","https:\/\/www.linkedin.com\/company\/paci-global\/"]},{"@type":"Person","@id":"https:\/\/sunontop.com\/#\/schema\/person\/cac73ac97f7967079821b0f37f4d7cba","name":"SunOnTop","image":{"@type":"ImageObject","inLanguage":"ca","@id":"https:\/\/sunontop.com\/#\/schema\/person\/image\/","url":"https:\/\/secure.gravatar.com\/avatar\/055a7cd1bd0a7c6f33838fad7eb807abe724e19d6b64854d099c8981352c5da4?s=96&d=mm&r=g","contentUrl":"https:\/\/secure.gravatar.com\/avatar\/055a7cd1bd0a7c6f33838fad7eb807abe724e19d6b64854d099c8981352c5da4?s=96&d=mm&r=g","caption":"SunOnTop"},"sameAs":["http:\/\/sunontop.com"],"url":"https:\/\/sunontop.com\/ca\/author\/sunontop\/"}]}},"_links":{"self":[{"href":"https:\/\/sunontop.com\/ca\/wp-json\/wp\/v2\/posts\/3537","targetHints":{"allow":["GET"]}}],"collection":[{"href":"https:\/\/sunontop.com\/ca\/wp-json\/wp\/v2\/posts"}],"about":[{"href":"https:\/\/sunontop.com\/ca\/wp-json\/wp\/v2\/types\/post"}],"author":[{"embeddable":true,"href":"https:\/\/sunontop.com\/ca\/wp-json\/wp\/v2\/users\/1"}],"replies":[{"embeddable":true,"href":"https:\/\/sunontop.com\/ca\/wp-json\/wp\/v2\/comments?post=3537"}],"version-history":[{"count":1,"href":"https:\/\/sunontop.com\/ca\/wp-json\/wp\/v2\/posts\/3537\/revisions"}],"predecessor-version":[{"id":3538,"href":"https:\/\/sunontop.com\/ca\/wp-json\/wp\/v2\/posts\/3537\/revisions\/3538"}],"wp:featuredmedia":[{"embeddable":true,"href":"https:\/\/sunontop.com\/ca\/wp-json\/wp\/v2\/media\/3532"}],"wp:attachment":[{"href":"https:\/\/sunontop.com\/ca\/wp-json\/wp\/v2\/media?parent=3537"}],"wp:term":[{"taxonomy":"category","embeddable":true,"href":"https:\/\/sunontop.com\/ca\/wp-json\/wp\/v2\/categories?post=3537"},{"taxonomy":"post_tag","embeddable":true,"href":"https:\/\/sunontop.com\/ca\/wp-json\/wp\/v2\/tags?post=3537"}],"curies":[{"name":"wp","href":"https:\/\/api.w.org\/{rel}","templated":true}]}}