{"id":3551,"date":"2023-06-06T17:13:49","date_gmt":"2023-06-06T17:13:49","guid":{"rendered":"https:\/\/sunontop.com\/?p=3551"},"modified":"2023-06-06T17:19:26","modified_gmt":"2023-06-06T17:19:26","slug":"clinica-corachan-i-paci-global-uneixen-forces-per-impulsar-la-sostenibilitat-i-leficiencia-energetica","status":"publish","type":"post","link":"https:\/\/sunontop.com\/ca\/2023\/06\/06\/clinica-corachan-i-paci-global-uneixen-forces-per-impulsar-la-sostenibilitat-i-leficiencia-energetica\/","title":{"rendered":"Clinica Corachan i PACI Global uneixen forces per impulsar la sostenibilitat i l&#8217;efici\u00e8ncia energ\u00e8tica"},"content":{"rendered":"<div class=\"wpb-content-wrapper\"><p>[vc_row][vc_column][vc_column_text]<\/p>\n<div class=\"fusion-text fusion-text-1\">\n<p>A PACI Global, ens enorgulleix col\u00b7laborar amb la Cl\u00ednica Corachan en la implementaci\u00f3 de mesures sostenibles i la lluita contra el canvi clim\u00e0tic. La nostra associaci\u00f3 estrat\u00e8gica t\u00e9 com a objectiu impulsar un model energ\u00e8tic m\u00e9s sostenible i responsable del medi ambient. Per aconseguir-ho, hem dut a terme la instal\u00b7laci\u00f3 de panells solars fotovoltaics i hem optimitzat l&#8217;efici\u00e8ncia energ\u00e8tica a diverses \u00e0rees de la cl\u00ednica.<\/p>\n<p>&nbsp;<\/p>\n<p>La instal\u00b7laci\u00f3 de panells solars fotovoltaics \u00e9s un pas important a la nostra recerca de reduir la depend\u00e8ncia de fonts d&#8217;energia convencionals i disminuir les emissions de gasos amb efecte d&#8217;hivernacle. Aquest sistema d\u201fautoconsum fotovoltaic, implementat recentment a Barcelona, generar\u00e0 aproximadament 93.527 kWh\/any d\u201felectricitat neta i renovable. A m\u00e9s, s&#8217;estima que aquesta producci\u00f3 energ\u00e8tica evitar\u00e0 l&#8217;emissi\u00f3 d&#8217;uns 43.938 kg de CO2 a l&#8217;any. Aquests resultats s\u00f3n un testimoniatge del nostre comprom\u00eds i la nostra capacitat per marcar una difer\u00e8ncia positiva en la protecci\u00f3 del medi ambient.<\/p>\n<p>&nbsp;<\/p>\n<p>La col\u00b7laboraci\u00f3 entre PACI Global i la Cl\u00ednica Corachan no nom\u00e9s \u00e9s un exemple de com les institucions poden treballar juntes en benefici de la sostenibilitat, sin\u00f3 que tamb\u00e9 refor\u00e7a la nostra convicci\u00f3 que la salut i el benestar de les persones van de la m\u00e0 amb la preservaci\u00f3 medi ambient. Ambdues entitats compartim un fort comprom\u00eds amb l&#8217;efici\u00e8ncia energ\u00e8tica, la reducci\u00f3 d&#8217;emissions i el desenvolupament sostenible al sector de la salut. A trav\u00e9s d&#8217;aquesta col\u00b7laboraci\u00f3 estem demostrant que \u00e9s possible combinar l&#8217;excel\u00b7l\u00e8ncia a l&#8217;atenci\u00f3 m\u00e8dica amb pr\u00e0ctiques responsables amb l&#8217;entorn.<\/p>\n<p>&nbsp;<\/p>\n<p>El nostre treball conjunt amb la Cl\u00ednica Corachan \u00e9s un pas significatiu a la nostra missi\u00f3 de liderar el cam\u00ed cap a una societat m\u00e9s sostenible. Continuarem implementant solucions innovadores que promoguin l&#8217;efici\u00e8ncia energ\u00e8tica i fomentin un futur m\u00e9s verd i m\u00e9s saludable per a tothom. Estem orgullosos d&#8217;aquesta associaci\u00f3 i continuarem cercant oportunitats per expandir el nostre abast i contribuir activament a la lluita contra el canvi clim\u00e0tic. A trav\u00e9s d&#8217;accions concretes com aquestes, estem construint un llegat de sostenibilitat que beneficiar\u00e0 les generacions futures.<\/p>\n<p>&nbsp;<\/p>\n<p><strong>#paciglobal #pacienginyers #sunontop #padilla308 #PACIGlobal #pacienginyers #SunOnTop #Padilla308 #ClinicaCorachan #Sostenibilitat #Sostenibilidad #PlaquesSolars #PlacasSolares #CambiClimatic #CambioClimatico #EnergiaRenovable #EficienciaEnergetica #Projectes #Proyectos #AlTeuServei #ATuServicio #Contactans #Contactanos<\/strong><\/p>\n<\/div>\n<p>[\/vc_column_text][\/vc_column][\/vc_row]<\/p>\n<\/div>","protected":false},"excerpt":{"rendered":"<p>[vc_row][vc_column][vc_column_text] A PACI Global, ens enorgulleix col\u00b7laborar amb la Cl\u00ednica Corachan en la implementaci\u00f3 de mesures sostenibles i la lluita contra el canvi clim\u00e0tic. La nostra associaci\u00f3 estrat\u00e8gica t\u00e9 com a objectiu impulsar un model energ\u00e8tic m\u00e9s sostenible i responsable del medi ambient. Per aconseguir-ho, hem dut a terme la instal\u00b7laci\u00f3 de panells solars fotovoltaics&hellip;<\/p>\n","protected":false},"author":1,"featured_media":3553,"comment_status":"open","ping_status":"open","sticky":false,"template":"","format":"standard","meta":{"footnotes":""},"categories":[55,54],"tags":[44,45,46,47,48],"class_list":["post-3551","post","type-post","status-publish","format-standard","has-post-thumbnail","hentry","category-legalitzacions","category-projectes","tag-ecologic","tag-ecosostenible-ca","tag-mobilitat-electrica","tag-renovable-ca","tag-sostenibilitat","category-55","category-54","description-off"],"yoast_head":"<!-- This site is optimized with the Yoast SEO plugin v27.1.1 - https:\/\/yoast.com\/product\/yoast-seo-wordpress\/ -->\n<title>Clinica Corachan i PACI Global uneixen forces per impulsar la sostenibilitat i l&#039;efici\u00e8ncia energ\u00e8tica - SunOnTop<\/title>\n<meta name=\"robots\" content=\"index, follow, max-snippet:-1, max-image-preview:large, max-video-preview:-1\" \/>\n<link rel=\"canonical\" href=\"https:\/\/sunontop.com\/ca\/2023\/06\/06\/clinica-corachan-i-paci-global-uneixen-forces-per-impulsar-la-sostenibilitat-i-leficiencia-energetica\/\" \/>\n<meta property=\"og:locale\" content=\"ca_ES\" \/>\n<meta property=\"og:type\" content=\"article\" \/>\n<meta property=\"og:title\" content=\"Clinica Corachan i PACI Global uneixen forces per impulsar la sostenibilitat i l&#039;efici\u00e8ncia energ\u00e8tica - SunOnTop\" \/>\n<meta property=\"og:description\" content=\"[vc_row][vc_column][vc_column_text] A PACI Global, ens enorgulleix col\u00b7laborar amb la Cl\u00ednica Corachan en la implementaci\u00f3 de mesures sostenibles i la lluita contra el canvi clim\u00e0tic. La nostra associaci\u00f3 estrat\u00e8gica t\u00e9 com a objectiu impulsar un model energ\u00e8tic m\u00e9s sostenible i responsable del medi ambient. Per aconseguir-ho, hem dut a terme la instal\u00b7laci\u00f3 de panells solars fotovoltaics&hellip;\" \/>\n<meta property=\"og:url\" content=\"https:\/\/sunontop.com\/ca\/2023\/06\/06\/clinica-corachan-i-paci-global-uneixen-forces-per-impulsar-la-sostenibilitat-i-leficiencia-energetica\/\" \/>\n<meta property=\"og:site_name\" content=\"SunOnTop\" \/>\n<meta property=\"article:publisher\" content=\"https:\/\/www.facebook.com\/paciglobal\" \/>\n<meta property=\"article:published_time\" content=\"2023-06-06T17:13:49+00:00\" \/>\n<meta property=\"article:modified_time\" content=\"2023-06-06T17:19:26+00:00\" \/>\n<meta property=\"og:image\" content=\"https:\/\/sunontop.com\/wp-content\/uploads\/2023\/06\/img_9799-scaled.jpg\" \/>\n\t<meta property=\"og:image:width\" content=\"2560\" \/>\n\t<meta property=\"og:image:height\" content=\"2560\" \/>\n\t<meta property=\"og:image:type\" content=\"image\/jpeg\" \/>\n<meta name=\"author\" content=\"SunOnTop\" \/>\n<meta name=\"twitter:card\" content=\"summary_large_image\" \/>\n<meta name=\"twitter:creator\" content=\"@PaciGlobal\" \/>\n<meta name=\"twitter:site\" content=\"@PaciGlobal\" \/>\n<meta name=\"twitter:label1\" content=\"Escrit per\" \/>\n\t<meta name=\"twitter:data1\" content=\"SunOnTop\" \/>\n\t<meta name=\"twitter:label2\" content=\"Temps estimat de lectura\" \/>\n\t<meta name=\"twitter:data2\" content=\"2 minuts\" \/>\n<script type=\"application\/ld+json\" class=\"yoast-schema-graph\">{\"@context\":\"https:\/\/schema.org\",\"@graph\":[{\"@type\":\"Article\",\"@id\":\"https:\/\/sunontop.com\/ca\/2023\/06\/06\/clinica-corachan-i-paci-global-uneixen-forces-per-impulsar-la-sostenibilitat-i-leficiencia-energetica\/#article\",\"isPartOf\":{\"@id\":\"https:\/\/sunontop.com\/ca\/2023\/06\/06\/clinica-corachan-i-paci-global-uneixen-forces-per-impulsar-la-sostenibilitat-i-leficiencia-energetica\/\"},\"author\":{\"name\":\"SunOnTop\",\"@id\":\"https:\/\/sunontop.com\/#\/schema\/person\/cac73ac97f7967079821b0f37f4d7cba\"},\"headline\":\"Clinica Corachan i PACI Global uneixen forces per impulsar la sostenibilitat i l&#8217;efici\u00e8ncia energ\u00e8tica\",\"datePublished\":\"2023-06-06T17:13:49+00:00\",\"dateModified\":\"2023-06-06T17:19:26+00:00\",\"mainEntityOfPage\":{\"@id\":\"https:\/\/sunontop.com\/ca\/2023\/06\/06\/clinica-corachan-i-paci-global-uneixen-forces-per-impulsar-la-sostenibilitat-i-leficiencia-energetica\/\"},\"wordCount\":441,\"commentCount\":0,\"publisher\":{\"@id\":\"https:\/\/sunontop.com\/#organization\"},\"image\":{\"@id\":\"https:\/\/sunontop.com\/ca\/2023\/06\/06\/clinica-corachan-i-paci-global-uneixen-forces-per-impulsar-la-sostenibilitat-i-leficiencia-energetica\/#primaryimage\"},\"thumbnailUrl\":\"https:\/\/sunontop.com\/wp-content\/uploads\/2023\/06\/img_9799-scaled.jpg\",\"keywords\":[\"ecol\u00f2gic\",\"ecosostenible\",\"mobilitat el\u00e8ctrica\",\"renovable\",\"sostenibilitat\"],\"articleSection\":[\"Legalitzacions\",\"Projectes\"],\"inLanguage\":\"ca\",\"potentialAction\":[{\"@type\":\"CommentAction\",\"name\":\"Comment\",\"target\":[\"https:\/\/sunontop.com\/ca\/2023\/06\/06\/clinica-corachan-i-paci-global-uneixen-forces-per-impulsar-la-sostenibilitat-i-leficiencia-energetica\/#respond\"]}]},{\"@type\":\"WebPage\",\"@id\":\"https:\/\/sunontop.com\/ca\/2023\/06\/06\/clinica-corachan-i-paci-global-uneixen-forces-per-impulsar-la-sostenibilitat-i-leficiencia-energetica\/\",\"url\":\"https:\/\/sunontop.com\/ca\/2023\/06\/06\/clinica-corachan-i-paci-global-uneixen-forces-per-impulsar-la-sostenibilitat-i-leficiencia-energetica\/\",\"name\":\"Clinica Corachan i PACI Global uneixen forces per impulsar la sostenibilitat i l'efici\u00e8ncia energ\u00e8tica - SunOnTop\",\"isPartOf\":{\"@id\":\"https:\/\/sunontop.com\/#website\"},\"primaryImageOfPage\":{\"@id\":\"https:\/\/sunontop.com\/ca\/2023\/06\/06\/clinica-corachan-i-paci-global-uneixen-forces-per-impulsar-la-sostenibilitat-i-leficiencia-energetica\/#primaryimage\"},\"image\":{\"@id\":\"https:\/\/sunontop.com\/ca\/2023\/06\/06\/clinica-corachan-i-paci-global-uneixen-forces-per-impulsar-la-sostenibilitat-i-leficiencia-energetica\/#primaryimage\"},\"thumbnailUrl\":\"https:\/\/sunontop.com\/wp-content\/uploads\/2023\/06\/img_9799-scaled.jpg\",\"datePublished\":\"2023-06-06T17:13:49+00:00\",\"dateModified\":\"2023-06-06T17:19:26+00:00\",\"breadcrumb\":{\"@id\":\"https:\/\/sunontop.com\/ca\/2023\/06\/06\/clinica-corachan-i-paci-global-uneixen-forces-per-impulsar-la-sostenibilitat-i-leficiencia-energetica\/#breadcrumb\"},\"inLanguage\":\"ca\",\"potentialAction\":[{\"@type\":\"ReadAction\",\"target\":[\"https:\/\/sunontop.com\/ca\/2023\/06\/06\/clinica-corachan-i-paci-global-uneixen-forces-per-impulsar-la-sostenibilitat-i-leficiencia-energetica\/\"]}]},{\"@type\":\"ImageObject\",\"inLanguage\":\"ca\",\"@id\":\"https:\/\/sunontop.com\/ca\/2023\/06\/06\/clinica-corachan-i-paci-global-uneixen-forces-per-impulsar-la-sostenibilitat-i-leficiencia-energetica\/#primaryimage\",\"url\":\"https:\/\/sunontop.com\/wp-content\/uploads\/2023\/06\/img_9799-scaled.jpg\",\"contentUrl\":\"https:\/\/sunontop.com\/wp-content\/uploads\/2023\/06\/img_9799-scaled.jpg\",\"width\":2560,\"height\":2560},{\"@type\":\"BreadcrumbList\",\"@id\":\"https:\/\/sunontop.com\/ca\/2023\/06\/06\/clinica-corachan-i-paci-global-uneixen-forces-per-impulsar-la-sostenibilitat-i-leficiencia-energetica\/#breadcrumb\",\"itemListElement\":[{\"@type\":\"ListItem\",\"position\":1,\"name\":\"Portada\",\"item\":\"https:\/\/sunontop.com\/ca\/\"},{\"@type\":\"ListItem\",\"position\":2,\"name\":\"Clinica Corachan i PACI Global uneixen forces per impulsar la sostenibilitat i l&#8217;efici\u00e8ncia energ\u00e8tica\"}]},{\"@type\":\"WebSite\",\"@id\":\"https:\/\/sunontop.com\/#website\",\"url\":\"https:\/\/sunontop.com\/\",\"name\":\"SunOnTop - Energ\u00eda solar fotovoltaica - Cargador veh\u00edculo el\u00e9ctrico\",\"description\":\"Dise\u00f1o e instalaci\u00f3n de plantas solares fotovoltaicas. Cargadores de veh\u00edculos el\u00e9ctricos\",\"publisher\":{\"@id\":\"https:\/\/sunontop.com\/#organization\"},\"alternateName\":\"SunOnTop\",\"potentialAction\":[{\"@type\":\"SearchAction\",\"target\":{\"@type\":\"EntryPoint\",\"urlTemplate\":\"https:\/\/sunontop.com\/?s={search_term_string}\"},\"query-input\":{\"@type\":\"PropertyValueSpecification\",\"valueRequired\":true,\"valueName\":\"search_term_string\"}}],\"inLanguage\":\"ca\"},{\"@type\":\"Organization\",\"@id\":\"https:\/\/sunontop.com\/#organization\",\"name\":\"SunOnTop - Energ\u00eda solar fotovoltaica - Cargador veh\u00edculo el\u00e9ctrico\",\"alternateName\":\"SunOnTop\",\"url\":\"https:\/\/sunontop.com\/\",\"logo\":{\"@type\":\"ImageObject\",\"inLanguage\":\"ca\",\"@id\":\"https:\/\/sunontop.com\/#\/schema\/logo\/image\/\",\"url\":\"https:\/\/sunontop.com\/wp-content\/uploads\/2022\/11\/logo.png\",\"contentUrl\":\"https:\/\/sunontop.com\/wp-content\/uploads\/2022\/11\/logo.png\",\"width\":175,\"height\":82,\"caption\":\"SunOnTop - Energ\u00eda solar fotovoltaica - Cargador veh\u00edculo el\u00e9ctrico\"},\"image\":{\"@id\":\"https:\/\/sunontop.com\/#\/schema\/logo\/image\/\"},\"sameAs\":[\"https:\/\/www.facebook.com\/paciglobal\",\"https:\/\/x.com\/PaciGlobal\",\"https:\/\/www.instagram.com\/paciglobal\/\",\"https:\/\/www.youtube.com\/user\/pacienginyers\",\"https:\/\/www.linkedin.com\/company\/paci-global\/\"]},{\"@type\":\"Person\",\"@id\":\"https:\/\/sunontop.com\/#\/schema\/person\/cac73ac97f7967079821b0f37f4d7cba\",\"name\":\"SunOnTop\",\"image\":{\"@type\":\"ImageObject\",\"inLanguage\":\"ca\",\"@id\":\"https:\/\/sunontop.com\/#\/schema\/person\/image\/\",\"url\":\"https:\/\/secure.gravatar.com\/avatar\/055a7cd1bd0a7c6f33838fad7eb807abe724e19d6b64854d099c8981352c5da4?s=96&d=mm&r=g\",\"contentUrl\":\"https:\/\/secure.gravatar.com\/avatar\/055a7cd1bd0a7c6f33838fad7eb807abe724e19d6b64854d099c8981352c5da4?s=96&d=mm&r=g\",\"caption\":\"SunOnTop\"},\"sameAs\":[\"http:\/\/sunontop.com\"],\"url\":\"https:\/\/sunontop.com\/ca\/author\/sunontop\/\"}]}<\/script>\n<!-- \/ Yoast SEO plugin. -->","yoast_head_json":{"title":"Clinica Corachan i PACI Global uneixen forces per impulsar la sostenibilitat i l'efici\u00e8ncia energ\u00e8tica - SunOnTop","robots":{"index":"index","follow":"follow","max-snippet":"max-snippet:-1","max-image-preview":"max-image-preview:large","max-video-preview":"max-video-preview:-1"},"canonical":"https:\/\/sunontop.com\/ca\/2023\/06\/06\/clinica-corachan-i-paci-global-uneixen-forces-per-impulsar-la-sostenibilitat-i-leficiencia-energetica\/","og_locale":"ca_ES","og_type":"article","og_title":"Clinica Corachan i PACI Global uneixen forces per impulsar la sostenibilitat i l'efici\u00e8ncia energ\u00e8tica - SunOnTop","og_description":"[vc_row][vc_column][vc_column_text] A PACI Global, ens enorgulleix col\u00b7laborar amb la Cl\u00ednica Corachan en la implementaci\u00f3 de mesures sostenibles i la lluita contra el canvi clim\u00e0tic. La nostra associaci\u00f3 estrat\u00e8gica t\u00e9 com a objectiu impulsar un model energ\u00e8tic m\u00e9s sostenible i responsable del medi ambient. Per aconseguir-ho, hem dut a terme la instal\u00b7laci\u00f3 de panells solars fotovoltaics&hellip;","og_url":"https:\/\/sunontop.com\/ca\/2023\/06\/06\/clinica-corachan-i-paci-global-uneixen-forces-per-impulsar-la-sostenibilitat-i-leficiencia-energetica\/","og_site_name":"SunOnTop","article_publisher":"https:\/\/www.facebook.com\/paciglobal","article_published_time":"2023-06-06T17:13:49+00:00","article_modified_time":"2023-06-06T17:19:26+00:00","og_image":[{"width":2560,"height":2560,"url":"https:\/\/sunontop.com\/wp-content\/uploads\/2023\/06\/img_9799-scaled.jpg","type":"image\/jpeg"}],"author":"SunOnTop","twitter_card":"summary_large_image","twitter_creator":"@PaciGlobal","twitter_site":"@PaciGlobal","twitter_misc":{"Escrit per":"SunOnTop","Temps estimat de lectura":"2 minuts"},"schema":{"@context":"https:\/\/schema.org","@graph":[{"@type":"Article","@id":"https:\/\/sunontop.com\/ca\/2023\/06\/06\/clinica-corachan-i-paci-global-uneixen-forces-per-impulsar-la-sostenibilitat-i-leficiencia-energetica\/#article","isPartOf":{"@id":"https:\/\/sunontop.com\/ca\/2023\/06\/06\/clinica-corachan-i-paci-global-uneixen-forces-per-impulsar-la-sostenibilitat-i-leficiencia-energetica\/"},"author":{"name":"SunOnTop","@id":"https:\/\/sunontop.com\/#\/schema\/person\/cac73ac97f7967079821b0f37f4d7cba"},"headline":"Clinica Corachan i PACI Global uneixen forces per impulsar la sostenibilitat i l&#8217;efici\u00e8ncia energ\u00e8tica","datePublished":"2023-06-06T17:13:49+00:00","dateModified":"2023-06-06T17:19:26+00:00","mainEntityOfPage":{"@id":"https:\/\/sunontop.com\/ca\/2023\/06\/06\/clinica-corachan-i-paci-global-uneixen-forces-per-impulsar-la-sostenibilitat-i-leficiencia-energetica\/"},"wordCount":441,"commentCount":0,"publisher":{"@id":"https:\/\/sunontop.com\/#organization"},"image":{"@id":"https:\/\/sunontop.com\/ca\/2023\/06\/06\/clinica-corachan-i-paci-global-uneixen-forces-per-impulsar-la-sostenibilitat-i-leficiencia-energetica\/#primaryimage"},"thumbnailUrl":"https:\/\/sunontop.com\/wp-content\/uploads\/2023\/06\/img_9799-scaled.jpg","keywords":["ecol\u00f2gic","ecosostenible","mobilitat el\u00e8ctrica","renovable","sostenibilitat"],"articleSection":["Legalitzacions","Projectes"],"inLanguage":"ca","potentialAction":[{"@type":"CommentAction","name":"Comment","target":["https:\/\/sunontop.com\/ca\/2023\/06\/06\/clinica-corachan-i-paci-global-uneixen-forces-per-impulsar-la-sostenibilitat-i-leficiencia-energetica\/#respond"]}]},{"@type":"WebPage","@id":"https:\/\/sunontop.com\/ca\/2023\/06\/06\/clinica-corachan-i-paci-global-uneixen-forces-per-impulsar-la-sostenibilitat-i-leficiencia-energetica\/","url":"https:\/\/sunontop.com\/ca\/2023\/06\/06\/clinica-corachan-i-paci-global-uneixen-forces-per-impulsar-la-sostenibilitat-i-leficiencia-energetica\/","name":"Clinica Corachan i PACI Global uneixen forces per impulsar la sostenibilitat i l'efici\u00e8ncia energ\u00e8tica - SunOnTop","isPartOf":{"@id":"https:\/\/sunontop.com\/#website"},"primaryImageOfPage":{"@id":"https:\/\/sunontop.com\/ca\/2023\/06\/06\/clinica-corachan-i-paci-global-uneixen-forces-per-impulsar-la-sostenibilitat-i-leficiencia-energetica\/#primaryimage"},"image":{"@id":"https:\/\/sunontop.com\/ca\/2023\/06\/06\/clinica-corachan-i-paci-global-uneixen-forces-per-impulsar-la-sostenibilitat-i-leficiencia-energetica\/#primaryimage"},"thumbnailUrl":"https:\/\/sunontop.com\/wp-content\/uploads\/2023\/06\/img_9799-scaled.jpg","datePublished":"2023-06-06T17:13:49+00:00","dateModified":"2023-06-06T17:19:26+00:00","breadcrumb":{"@id":"https:\/\/sunontop.com\/ca\/2023\/06\/06\/clinica-corachan-i-paci-global-uneixen-forces-per-impulsar-la-sostenibilitat-i-leficiencia-energetica\/#breadcrumb"},"inLanguage":"ca","potentialAction":[{"@type":"ReadAction","target":["https:\/\/sunontop.com\/ca\/2023\/06\/06\/clinica-corachan-i-paci-global-uneixen-forces-per-impulsar-la-sostenibilitat-i-leficiencia-energetica\/"]}]},{"@type":"ImageObject","inLanguage":"ca","@id":"https:\/\/sunontop.com\/ca\/2023\/06\/06\/clinica-corachan-i-paci-global-uneixen-forces-per-impulsar-la-sostenibilitat-i-leficiencia-energetica\/#primaryimage","url":"https:\/\/sunontop.com\/wp-content\/uploads\/2023\/06\/img_9799-scaled.jpg","contentUrl":"https:\/\/sunontop.com\/wp-content\/uploads\/2023\/06\/img_9799-scaled.jpg","width":2560,"height":2560},{"@type":"BreadcrumbList","@id":"https:\/\/sunontop.com\/ca\/2023\/06\/06\/clinica-corachan-i-paci-global-uneixen-forces-per-impulsar-la-sostenibilitat-i-leficiencia-energetica\/#breadcrumb","itemListElement":[{"@type":"ListItem","position":1,"name":"Portada","item":"https:\/\/sunontop.com\/ca\/"},{"@type":"ListItem","position":2,"name":"Clinica Corachan i PACI Global uneixen forces per impulsar la sostenibilitat i l&#8217;efici\u00e8ncia energ\u00e8tica"}]},{"@type":"WebSite","@id":"https:\/\/sunontop.com\/#website","url":"https:\/\/sunontop.com\/","name":"SunOnTop - Energ\u00eda solar fotovoltaica - Cargador veh\u00edculo el\u00e9ctrico","description":"Dise\u00f1o e instalaci\u00f3n de plantas solares fotovoltaicas. Cargadores de veh\u00edculos el\u00e9ctricos","publisher":{"@id":"https:\/\/sunontop.com\/#organization"},"alternateName":"SunOnTop","potentialAction":[{"@type":"SearchAction","target":{"@type":"EntryPoint","urlTemplate":"https:\/\/sunontop.com\/?s={search_term_string}"},"query-input":{"@type":"PropertyValueSpecification","valueRequired":true,"valueName":"search_term_string"}}],"inLanguage":"ca"},{"@type":"Organization","@id":"https:\/\/sunontop.com\/#organization","name":"SunOnTop - Energ\u00eda solar fotovoltaica - Cargador veh\u00edculo el\u00e9ctrico","alternateName":"SunOnTop","url":"https:\/\/sunontop.com\/","logo":{"@type":"ImageObject","inLanguage":"ca","@id":"https:\/\/sunontop.com\/#\/schema\/logo\/image\/","url":"https:\/\/sunontop.com\/wp-content\/uploads\/2022\/11\/logo.png","contentUrl":"https:\/\/sunontop.com\/wp-content\/uploads\/2022\/11\/logo.png","width":175,"height":82,"caption":"SunOnTop - Energ\u00eda solar fotovoltaica - Cargador veh\u00edculo el\u00e9ctrico"},"image":{"@id":"https:\/\/sunontop.com\/#\/schema\/logo\/image\/"},"sameAs":["https:\/\/www.facebook.com\/paciglobal","https:\/\/x.com\/PaciGlobal","https:\/\/www.instagram.com\/paciglobal\/","https:\/\/www.youtube.com\/user\/pacienginyers","https:\/\/www.linkedin.com\/company\/paci-global\/"]},{"@type":"Person","@id":"https:\/\/sunontop.com\/#\/schema\/person\/cac73ac97f7967079821b0f37f4d7cba","name":"SunOnTop","image":{"@type":"ImageObject","inLanguage":"ca","@id":"https:\/\/sunontop.com\/#\/schema\/person\/image\/","url":"https:\/\/secure.gravatar.com\/avatar\/055a7cd1bd0a7c6f33838fad7eb807abe724e19d6b64854d099c8981352c5da4?s=96&d=mm&r=g","contentUrl":"https:\/\/secure.gravatar.com\/avatar\/055a7cd1bd0a7c6f33838fad7eb807abe724e19d6b64854d099c8981352c5da4?s=96&d=mm&r=g","caption":"SunOnTop"},"sameAs":["http:\/\/sunontop.com"],"url":"https:\/\/sunontop.com\/ca\/author\/sunontop\/"}]}},"_links":{"self":[{"href":"https:\/\/sunontop.com\/ca\/wp-json\/wp\/v2\/posts\/3551","targetHints":{"allow":["GET"]}}],"collection":[{"href":"https:\/\/sunontop.com\/ca\/wp-json\/wp\/v2\/posts"}],"about":[{"href":"https:\/\/sunontop.com\/ca\/wp-json\/wp\/v2\/types\/post"}],"author":[{"embeddable":true,"href":"https:\/\/sunontop.com\/ca\/wp-json\/wp\/v2\/users\/1"}],"replies":[{"embeddable":true,"href":"https:\/\/sunontop.com\/ca\/wp-json\/wp\/v2\/comments?post=3551"}],"version-history":[{"count":2,"href":"https:\/\/sunontop.com\/ca\/wp-json\/wp\/v2\/posts\/3551\/revisions"}],"predecessor-version":[{"id":3557,"href":"https:\/\/sunontop.com\/ca\/wp-json\/wp\/v2\/posts\/3551\/revisions\/3557"}],"wp:featuredmedia":[{"embeddable":true,"href":"https:\/\/sunontop.com\/ca\/wp-json\/wp\/v2\/media\/3553"}],"wp:attachment":[{"href":"https:\/\/sunontop.com\/ca\/wp-json\/wp\/v2\/media?parent=3551"}],"wp:term":[{"taxonomy":"category","embeddable":true,"href":"https:\/\/sunontop.com\/ca\/wp-json\/wp\/v2\/categories?post=3551"},{"taxonomy":"post_tag","embeddable":true,"href":"https:\/\/sunontop.com\/ca\/wp-json\/wp\/v2\/tags?post=3551"}],"curies":[{"name":"wp","href":"https:\/\/api.w.org\/{rel}","templated":true}]}}